{"id":1923,"date":"2016-01-29T17:00:53","date_gmt":"2016-01-29T16:00:53","guid":{"rendered":"http:\/\/vivancoculturadevino.es\/blog\/?p=1923"},"modified":"2016-01-29T18:48:42","modified_gmt":"2016-01-29T17:48:42","slug":"cepas-humanos","status":"publish","type":"post","link":"https:\/\/vivancoculturadevino.es\/blog\/2016\/01\/29\/cepas-humanos\/","title":{"rendered":"Cepas y humanos. Quiz\u00e1 no somos tan diferentes"},"content":{"rendered":"<p>Las cepas no son tan diferentes de los humanos. Si a lo largo de su ciclo vital no se les estresa y no se les intoxica con productos fitosanitarios, el n\u00famero de posibilidades de que lleguen a viejas, aumenta. Pero si se les maltrata y se les exige demasiado, ser\u00e1 dif\u00edcil que lleguen a los 100 a\u00f1os.<\/p>\n<p>De hecho, un vi\u00f1edo centenario no es garant\u00eda de que todas sus cepas est\u00e9n vivas. El ratio se sit\u00faa entre el 20 y el 40%. A veces, por su genotipo, las vides sobreviven, lo que unido a las condiciones de vida amables y a la alimentaci\u00f3n que obtienen seg\u00fan el tipo de suelo, contribuye sin duda a que su vida sea m\u00e1s larga.<\/p>\n<p><a href=\"http:\/\/vivancoculturadevino.es\/blog\/wp-content\/uploads\/2016\/01\/MG_2633baja.jpg\"><img fetchpriority=\"high\" decoding=\"async\" class=\"aligncenter  wp-image-1925\" src=\"\/\/vivancoculturadevino.es\/blog\/wp-content\/uploads\/2016\/01\/MG_2633baja.jpg\" alt=\"_MG_2633baja\" width=\"723\" height=\"482\" srcset=\"https:\/\/vivancoculturadevino.es\/blog\/wp-content\/uploads\/2016\/01\/MG_2633baja.jpg 2000w, https:\/\/vivancoculturadevino.es\/blog\/wp-content\/uploads\/2016\/01\/MG_2633baja-300x200.jpg 300w, https:\/\/vivancoculturadevino.es\/blog\/wp-content\/uploads\/2016\/01\/MG_2633baja-1024x682.jpg 1024w\" sizes=\"(max-width: 723px) 100vw, 723px\" \/><\/a><\/p>\n<p>Al igual que las personas, las cepas tambi\u00e9n tienen su momento de salir al mundo, como los beb\u00e9s, y de vivir su infancia. De ah\u00ed experimentan la lozan\u00eda propia de la juventud: todo un vigor que trasladan a la sabidur\u00eda de la madurez, cuando dan sus mejores frutos. Y, pasado este tiempo, tambi\u00e9n les llega el momento de apagarse. \u00bfY cu\u00e1ndo encontramos el m\u00e1ximo esplendor en una cepa?<\/p>\n<p>Puede que el momento \u00f3ptimo de una vid no coincida con el momento \u00f3ptimo del vino. Hay que tener en cuenta que en la planta no s\u00f3lo crece la parte a\u00e9rea y la madera que vemos, sino las ra\u00edces. Una vez que la cepa ha conquistado su territorio bajo tierra, la parte del suelo que f\u00edsicamente le sea posible alcanzar, la ra\u00edz llega a su m\u00e1ximo potencial. Conforme la cepa se hace mayor, aunque no tenga tanto vigor y las producciones sean menores, el vino de la vid vieja es mejor que el de la joven.<\/p>\n<p><a href=\"http:\/\/vivancoculturadevino.es\/blog\/wp-content\/uploads\/2016\/01\/MG_2591baja.jpg\"><img decoding=\"async\" class=\"aligncenter  wp-image-1927\" src=\"\/\/vivancoculturadevino.es\/blog\/wp-content\/uploads\/2016\/01\/MG_2591baja.jpg\" alt=\"_MG_2591baja\" width=\"674\" height=\"449\" srcset=\"https:\/\/vivancoculturadevino.es\/blog\/wp-content\/uploads\/2016\/01\/MG_2591baja.jpg 2000w, https:\/\/vivancoculturadevino.es\/blog\/wp-content\/uploads\/2016\/01\/MG_2591baja-300x200.jpg 300w, https:\/\/vivancoculturadevino.es\/blog\/wp-content\/uploads\/2016\/01\/MG_2591baja-1024x682.jpg 1024w\" sizes=\"(max-width: 674px) 100vw, 674px\" \/><\/a><\/p>\n<h3>\u00bfPor qu\u00e9 da mejor vino una vid vieja?<\/h3>\n<p>Sencillamente porque la planta est\u00e1 m\u00e1s regulada, tiene ra\u00edces m\u00e1s profundas, ha alcanzado horizontes con distintas mineralidades que aportan a los racimos distintos aromas y sabores. Y es a sus 30 \u00f3 40 a\u00f1os, ya m\u00e1s mayor, cuando nos regala las mejores uvas y, en definitiva, el mejor vino. Al igual que nosotros, algunas vides cumplen los 20 a\u00f1os, \u00a0otras celebran el medio siglo de vida y las hay, incluso, que soplan 100 velas con la ayuda del aire del invierno como el que sopla en enero. \u00a0Un mes que tradicionalmente registra temperaturas muy bajas, y donde el term\u00f3metro se\u00f1ala los 0 grados o los bajo cero.<\/p>\n<p>Este n\u00famero 0, este concepto de \u201cla nada\u201d imprescindible en matem\u00e1ticas, y que al parecer los calculistas indios fueron los primeros en utilizar, marca lo que conocemos como heladas, cuyo inter\u00e9s bioclim\u00e1tico es especialmente importante por su incidencia en la agricultura. Lo habitual en La Rioja, en la zona de la Ribera del Ebro, es que el promedio de heladas sea menor de 45 d\u00edas al a\u00f1o. Nada que ver con las cumbres de las sierras, donde las temperaturas bajo cero alcanzan la mitad de los d\u00edas del a\u00f1o. Y mucho menos con los 93 grados bajo cero que, como en una pel\u00edcula de ciencia ficci\u00f3n, se detectaron en la Ant\u00e1rtida.<\/p>\n<h3>M\u00e1s parecidos entre cepas y personas<\/h3>\n<p>De nuevo, el fr\u00edo nos hace pensar en un s\u00edmil con el comportamiento del ser humano. En nuestro caso, la fuente de calor interno son los m\u00fasculos, que se nutren de aproximadamente el 70% de los alimentos que consumimos. Los m\u00fasculos del cuerpo producen suficiente calor. Pero si no se combate el fr\u00edo mediante el ejercicio voluntario, los m\u00fasculos se encargan de hacerlo y se calientan solos tiritando. Por eso, en los climas fr\u00edos, el ser humano necesita mayor aporte de energ\u00eda y por ello aumenta su apetito.<\/p>\n<p><a href=\"http:\/\/vivancoculturadevino.es\/blog\/wp-content\/uploads\/2016\/01\/vinedo-invierno.jpg\"><img decoding=\"async\" width=\"600\" height=\"400\" class=\"aligncenter size-full wp-image-1928\" src=\"\/\/vivancoculturadevino.es\/blog\/wp-content\/uploads\/2016\/01\/vinedo-invierno.jpg\" alt=\"Vi\u00f1edos Rioja Alta\" srcset=\"https:\/\/vivancoculturadevino.es\/blog\/wp-content\/uploads\/2016\/01\/vinedo-invierno.jpg 600w, https:\/\/vivancoculturadevino.es\/blog\/wp-content\/uploads\/2016\/01\/vinedo-invierno-300x200.jpg 300w\" sizes=\"(max-width: 600px) 100vw, 600px\" \/><\/a><\/p>\n<p>Nuestro cuerpo est\u00e1 preparado para vivir entre los 36 y los 37 grados. Si esta temperatura interna desciende, nuestro organismo concentra la sangre en los \u00f3rganos vitales. Por debajo de una temperatura interna de 32\u00ba, entrar\u00edamos en hipotermia severa y dejar\u00edamos de temblar. A partir de los 31\u00ba llegar\u00eda el coma. Por ejemplo, ahora que es invierno, a veinte grados bajo cero y dependiendo del viento, las partes expuestas como la nariz, se congelar\u00edan. \u00bfPero c\u00f3mo afecta este fr\u00edo a las cepas?<\/p>\n<p><strong>En pleno invierno, la cepa tambi\u00e9n concentra su energ\u00eda y se encuentra en el llamado reposo invernal,<\/strong> como una especie de muerte dulce. <strong>Las vides en La Rioja,<\/strong> durante este letargo, <strong>est\u00e1n adaptadas para aguantar temperaturas de hasta 15 \u00f3 20 grados bajo cero<\/strong>. Una cuesti\u00f3n totalmente viable a no ser que un frente fr\u00edo procedente de las regiones \u00e1rticas o polares nos traiga una bajada atroz en los term\u00f3metros. Las heladas son problem\u00e1ticas cuando las plantas son verdes ya que un brote verde, a partir de 0,5\u00ba, ya se hiela. La parte enterrada no morir\u00eda y brotar\u00eda de nuevo, para lo que habr\u00eda que, nunca mejor dicho, cortar por lo sano.<\/p>\n<p>Si por lo que sea sois m\u00e1s de radio que de lectura, pod\u00e9is escuhar el post en este podcast de Radio Nacional: <a href=\"http:\/\/bit.ly\/cepas-humanos-podcast\" target=\"_blank\" rel=\"nofollow\">http:\/\/bit.ly\/cepas-humanos-podcast<\/a><\/p>\n<p>Y si te ha gustado o has aprendido un poco m\u00e1s sobre el vino, comp\u00e1rtelo en tus redes sociales y d\u00e9janos un comentario. Eso nos motiva a\u00a0 seguir compartiendo #CulturaDeVino \ud83d\ude09<\/p>\n","protected":false},"excerpt":{"rendered":"<p>Las cepas no son tan diferentes de los humanos. Si a lo largo de su ciclo vital no se les estresa y no se les intoxica con productos fitosanitarios, el n\u00famero de posibilidades de que lleguen a viejas, aumenta. Pero si se les maltrata y se les exige demasiado, ser\u00e1 dif\u00edcil que lleguen a los 100 a\u00f1os.<\/p>\n","protected":false},"author":1,"featured_media":1927,"comment_status":"open","ping_status":"open","sticky":false,"template":"","format":"standard","meta":{"footnotes":"","_elementor_edit_mode":"","_elementor_template_type":"","_elementor_data":"","_elementor_page_settings":null,"_elementor_conditions":[]},"categories":[8,2],"tags":[],"class_list":["post-1923","post","type-post","status-publish","format-standard","has-post-thumbnail","hentry","category-bodega","category-vivanco"],"yoast_head":"<!-- This site is optimized with the Yoast SEO plugin v26.8 - https:\/\/yoast.com\/product\/yoast-seo-wordpress\/ -->\n<title>Cepas y Humanos. Quiz\u00e1 no somos tan diferentes.<\/title>\n<meta name=\"description\" content=\"Si a lo largo de su ciclo vital no se les estresa y no se les intoxica con productos fitosanitarios, el n\u00famero de posibilidades de que lleguen a viejas, aumenta.\" \/>\n<meta name=\"robots\" content=\"index, follow, max-snippet:-1, max-image-preview:large, max-video-preview:-1\" \/>\n<link rel=\"canonical\" href=\"https:\/\/vivancoculturadevino.es\/blog\/2016\/01\/29\/cepas-humanos\/\" \/>\n<meta property=\"og:locale\" content=\"es_ES\" \/>\n<meta property=\"og:type\" content=\"article\" \/>\n<meta property=\"og:title\" content=\"Cepas y Humanos. Quiz\u00e1 no somos tan diferentes.\" \/>\n<meta property=\"og:description\" content=\"Si a lo largo de su ciclo vital no se les estresa y no se les intoxica con productos fitosanitarios, el n\u00famero de posibilidades de que lleguen a viejas, aumenta.\" \/>\n<meta property=\"og:url\" content=\"https:\/\/vivancoculturadevino.es\/blog\/2016\/01\/29\/cepas-humanos\/\" \/>\n<meta property=\"og:site_name\" content=\"Vivanco\" \/>\n<meta property=\"article:author\" content=\"https:\/\/www.facebook.com\/vivancoculturadevino\" \/>\n<meta property=\"article:published_time\" content=\"2016-01-29T16:00:53+00:00\" \/>\n<meta property=\"article:modified_time\" content=\"2016-01-29T17:48:42+00:00\" \/>\n<meta property=\"og:image\" content=\"https:\/\/vivancoculturadevino.es\/blog\/wp-content\/uploads\/2016\/01\/MG_2591baja.jpg\" \/>\n\t<meta property=\"og:image:width\" content=\"2000\" \/>\n\t<meta property=\"og:image:height\" content=\"1333\" \/>\n\t<meta property=\"og:image:type\" content=\"image\/jpeg\" \/>\n<meta name=\"author\" content=\"Vivanco\" \/>\n<meta name=\"twitter:card\" content=\"summary_large_image\" \/>\n<meta name=\"twitter:creator\" content=\"@https:\/\/twitter.com\/Vivanco_es\" \/>\n<meta name=\"twitter:label1\" content=\"Escrito por\" \/>\n\t<meta name=\"twitter:data1\" content=\"Vivanco\" \/>\n\t<meta name=\"twitter:label2\" content=\"Tiempo de lectura\" \/>\n\t<meta name=\"twitter:data2\" content=\"5 minutos\" \/>\n<script type=\"application\/ld+json\" class=\"yoast-schema-graph\">{\"@context\":\"https:\/\/schema.org\",\"@graph\":[{\"@type\":\"Article\",\"@id\":\"https:\/\/vivancoculturadevino.es\/blog\/2016\/01\/29\/cepas-humanos\/#article\",\"isPartOf\":{\"@id\":\"https:\/\/vivancoculturadevino.es\/blog\/2016\/01\/29\/cepas-humanos\/\"},\"author\":{\"name\":\"Vivanco\",\"@id\":\"https:\/\/vivancoculturadevino.es\/blog\/#\/schema\/person\/745931ee54ccbb839d8df0cceb02db4c\"},\"headline\":\"Cepas y humanos. Quiz\u00e1 no somos tan diferentes\",\"datePublished\":\"2016-01-29T16:00:53+00:00\",\"dateModified\":\"2016-01-29T17:48:42+00:00\",\"mainEntityOfPage\":{\"@id\":\"https:\/\/vivancoculturadevino.es\/blog\/2016\/01\/29\/cepas-humanos\/\"},\"wordCount\":913,\"commentCount\":1,\"publisher\":{\"@id\":\"https:\/\/vivancoculturadevino.es\/blog\/#organization\"},\"image\":{\"@id\":\"https:\/\/vivancoculturadevino.es\/blog\/2016\/01\/29\/cepas-humanos\/#primaryimage\"},\"thumbnailUrl\":\"https:\/\/vivancoculturadevino.es\/blog\/wp-content\/uploads\/2016\/01\/MG_2591baja.jpg\",\"articleSection\":[\"de Vino\",\"Vivanco\"],\"inLanguage\":\"es\",\"potentialAction\":[{\"@type\":\"CommentAction\",\"name\":\"Comment\",\"target\":[\"https:\/\/vivancoculturadevino.es\/blog\/2016\/01\/29\/cepas-humanos\/#respond\"]}]},{\"@type\":\"WebPage\",\"@id\":\"https:\/\/vivancoculturadevino.es\/blog\/2016\/01\/29\/cepas-humanos\/\",\"url\":\"https:\/\/vivancoculturadevino.es\/blog\/2016\/01\/29\/cepas-humanos\/\",\"name\":\"Cepas y Humanos. Quiz\u00e1 no somos tan diferentes.\",\"isPartOf\":{\"@id\":\"https:\/\/vivancoculturadevino.es\/blog\/#website\"},\"primaryImageOfPage\":{\"@id\":\"https:\/\/vivancoculturadevino.es\/blog\/2016\/01\/29\/cepas-humanos\/#primaryimage\"},\"image\":{\"@id\":\"https:\/\/vivancoculturadevino.es\/blog\/2016\/01\/29\/cepas-humanos\/#primaryimage\"},\"thumbnailUrl\":\"https:\/\/vivancoculturadevino.es\/blog\/wp-content\/uploads\/2016\/01\/MG_2591baja.jpg\",\"datePublished\":\"2016-01-29T16:00:53+00:00\",\"dateModified\":\"2016-01-29T17:48:42+00:00\",\"description\":\"Si a lo largo de su ciclo vital no se les estresa y no se les intoxica con productos fitosanitarios, el n\u00famero de posibilidades de que lleguen a viejas, aumenta.\",\"breadcrumb\":{\"@id\":\"https:\/\/vivancoculturadevino.es\/blog\/2016\/01\/29\/cepas-humanos\/#breadcrumb\"},\"inLanguage\":\"es\",\"potentialAction\":[{\"@type\":\"ReadAction\",\"target\":[\"https:\/\/vivancoculturadevino.es\/blog\/2016\/01\/29\/cepas-humanos\/\"]}]},{\"@type\":\"ImageObject\",\"inLanguage\":\"es\",\"@id\":\"https:\/\/vivancoculturadevino.es\/blog\/2016\/01\/29\/cepas-humanos\/#primaryimage\",\"url\":\"https:\/\/vivancoculturadevino.es\/blog\/wp-content\/uploads\/2016\/01\/MG_2591baja.jpg\",\"contentUrl\":\"https:\/\/vivancoculturadevino.es\/blog\/wp-content\/uploads\/2016\/01\/MG_2591baja.jpg\",\"width\":2000,\"height\":1333},{\"@type\":\"BreadcrumbList\",\"@id\":\"https:\/\/vivancoculturadevino.es\/blog\/2016\/01\/29\/cepas-humanos\/#breadcrumb\",\"itemListElement\":[{\"@type\":\"ListItem\",\"position\":1,\"name\":\"Portada\",\"item\":\"https:\/\/vivancoculturadevino.es\/blog\/\"},{\"@type\":\"ListItem\",\"position\":2,\"name\":\"Cepas y humanos. Quiz\u00e1 no somos tan diferentes\"}]},{\"@type\":\"WebSite\",\"@id\":\"https:\/\/vivancoculturadevino.es\/blog\/#website\",\"url\":\"https:\/\/vivancoculturadevino.es\/blog\/\",\"name\":\"Vivanco\",\"description\":\"Una familia y una pasi\u00f3n: Compartir la cultura del vino\",\"publisher\":{\"@id\":\"https:\/\/vivancoculturadevino.es\/blog\/#organization\"},\"potentialAction\":[{\"@type\":\"SearchAction\",\"target\":{\"@type\":\"EntryPoint\",\"urlTemplate\":\"https:\/\/vivancoculturadevino.es\/blog\/?s={search_term_string}\"},\"query-input\":{\"@type\":\"PropertyValueSpecification\",\"valueRequired\":true,\"valueName\":\"search_term_string\"}}],\"inLanguage\":\"es\"},{\"@type\":\"Organization\",\"@id\":\"https:\/\/vivancoculturadevino.es\/blog\/#organization\",\"name\":\"Vivanco\",\"url\":\"https:\/\/vivancoculturadevino.es\/blog\/\",\"logo\":{\"@type\":\"ImageObject\",\"inLanguage\":\"es\",\"@id\":\"https:\/\/vivancoculturadevino.es\/blog\/#\/schema\/logo\/image\/\",\"url\":\"https:\/\/vivancoculturadevino.es\/blog\/wp-content\/uploads\/2026\/01\/Logo-blanco.svg\",\"contentUrl\":\"https:\/\/vivancoculturadevino.es\/blog\/wp-content\/uploads\/2026\/01\/Logo-blanco.svg\",\"width\":134,\"height\":43,\"caption\":\"Vivanco\"},\"image\":{\"@id\":\"https:\/\/vivancoculturadevino.es\/blog\/#\/schema\/logo\/image\/\"}},{\"@type\":\"Person\",\"@id\":\"https:\/\/vivancoculturadevino.es\/blog\/#\/schema\/person\/745931ee54ccbb839d8df0cceb02db4c\",\"name\":\"Vivanco\",\"image\":{\"@type\":\"ImageObject\",\"inLanguage\":\"es\",\"@id\":\"https:\/\/vivancoculturadevino.es\/blog\/#\/schema\/person\/image\/\",\"url\":\"https:\/\/secure.gravatar.com\/avatar\/61b66c59d132db2f7ad4dfd1cc89bbd508b4d5888ab39ddba99f2aca247b7fb3?s=96&d=mm&r=g\",\"contentUrl\":\"https:\/\/secure.gravatar.com\/avatar\/61b66c59d132db2f7ad4dfd1cc89bbd508b4d5888ab39ddba99f2aca247b7fb3?s=96&d=mm&r=g\",\"caption\":\"Vivanco\"},\"description\":\"Bodega, Fundaci\u00f3n, Experiencias. Compartiendo Cultura de Vino\",\"sameAs\":[\"http:\/\/www.vivancoculturadevino.es\",\"https:\/\/www.facebook.com\/vivancoculturadevino\",\"https:\/\/x.com\/https:\/\/twitter.com\/Vivanco_es\",\"https:\/\/www.youtube.com\/channel\/UC8a2nOiF7kAQNPPduAi2Evw\/videos\"],\"url\":\"https:\/\/vivancoculturadevino.es\/blog\/author\/administrator\/\"}]}<\/script>\n<!-- \/ Yoast SEO plugin. -->","yoast_head_json":{"title":"Cepas y Humanos. Quiz\u00e1 no somos tan diferentes.","description":"Si a lo largo de su ciclo vital no se les estresa y no se les intoxica con productos fitosanitarios, el n\u00famero de posibilidades de que lleguen a viejas, aumenta.","robots":{"index":"index","follow":"follow","max-snippet":"max-snippet:-1","max-image-preview":"max-image-preview:large","max-video-preview":"max-video-preview:-1"},"canonical":"https:\/\/vivancoculturadevino.es\/blog\/2016\/01\/29\/cepas-humanos\/","og_locale":"es_ES","og_type":"article","og_title":"Cepas y Humanos. Quiz\u00e1 no somos tan diferentes.","og_description":"Si a lo largo de su ciclo vital no se les estresa y no se les intoxica con productos fitosanitarios, el n\u00famero de posibilidades de que lleguen a viejas, aumenta.","og_url":"https:\/\/vivancoculturadevino.es\/blog\/2016\/01\/29\/cepas-humanos\/","og_site_name":"Vivanco","article_author":"https:\/\/www.facebook.com\/vivancoculturadevino","article_published_time":"2016-01-29T16:00:53+00:00","article_modified_time":"2016-01-29T17:48:42+00:00","og_image":[{"width":2000,"height":1333,"url":"https:\/\/vivancoculturadevino.es\/blog\/wp-content\/uploads\/2016\/01\/MG_2591baja.jpg","type":"image\/jpeg"}],"author":"Vivanco","twitter_card":"summary_large_image","twitter_creator":"@https:\/\/twitter.com\/Vivanco_es","twitter_misc":{"Escrito por":"Vivanco","Tiempo de lectura":"5 minutos"},"schema":{"@context":"https:\/\/schema.org","@graph":[{"@type":"Article","@id":"https:\/\/vivancoculturadevino.es\/blog\/2016\/01\/29\/cepas-humanos\/#article","isPartOf":{"@id":"https:\/\/vivancoculturadevino.es\/blog\/2016\/01\/29\/cepas-humanos\/"},"author":{"name":"Vivanco","@id":"https:\/\/vivancoculturadevino.es\/blog\/#\/schema\/person\/745931ee54ccbb839d8df0cceb02db4c"},"headline":"Cepas y humanos. Quiz\u00e1 no somos tan diferentes","datePublished":"2016-01-29T16:00:53+00:00","dateModified":"2016-01-29T17:48:42+00:00","mainEntityOfPage":{"@id":"https:\/\/vivancoculturadevino.es\/blog\/2016\/01\/29\/cepas-humanos\/"},"wordCount":913,"commentCount":1,"publisher":{"@id":"https:\/\/vivancoculturadevino.es\/blog\/#organization"},"image":{"@id":"https:\/\/vivancoculturadevino.es\/blog\/2016\/01\/29\/cepas-humanos\/#primaryimage"},"thumbnailUrl":"https:\/\/vivancoculturadevino.es\/blog\/wp-content\/uploads\/2016\/01\/MG_2591baja.jpg","articleSection":["de Vino","Vivanco"],"inLanguage":"es","potentialAction":[{"@type":"CommentAction","name":"Comment","target":["https:\/\/vivancoculturadevino.es\/blog\/2016\/01\/29\/cepas-humanos\/#respond"]}]},{"@type":"WebPage","@id":"https:\/\/vivancoculturadevino.es\/blog\/2016\/01\/29\/cepas-humanos\/","url":"https:\/\/vivancoculturadevino.es\/blog\/2016\/01\/29\/cepas-humanos\/","name":"Cepas y Humanos. Quiz\u00e1 no somos tan diferentes.","isPartOf":{"@id":"https:\/\/vivancoculturadevino.es\/blog\/#website"},"primaryImageOfPage":{"@id":"https:\/\/vivancoculturadevino.es\/blog\/2016\/01\/29\/cepas-humanos\/#primaryimage"},"image":{"@id":"https:\/\/vivancoculturadevino.es\/blog\/2016\/01\/29\/cepas-humanos\/#primaryimage"},"thumbnailUrl":"https:\/\/vivancoculturadevino.es\/blog\/wp-content\/uploads\/2016\/01\/MG_2591baja.jpg","datePublished":"2016-01-29T16:00:53+00:00","dateModified":"2016-01-29T17:48:42+00:00","description":"Si a lo largo de su ciclo vital no se les estresa y no se les intoxica con productos fitosanitarios, el n\u00famero de posibilidades de que lleguen a viejas, aumenta.","breadcrumb":{"@id":"https:\/\/vivancoculturadevino.es\/blog\/2016\/01\/29\/cepas-humanos\/#breadcrumb"},"inLanguage":"es","potentialAction":[{"@type":"ReadAction","target":["https:\/\/vivancoculturadevino.es\/blog\/2016\/01\/29\/cepas-humanos\/"]}]},{"@type":"ImageObject","inLanguage":"es","@id":"https:\/\/vivancoculturadevino.es\/blog\/2016\/01\/29\/cepas-humanos\/#primaryimage","url":"https:\/\/vivancoculturadevino.es\/blog\/wp-content\/uploads\/2016\/01\/MG_2591baja.jpg","contentUrl":"https:\/\/vivancoculturadevino.es\/blog\/wp-content\/uploads\/2016\/01\/MG_2591baja.jpg","width":2000,"height":1333},{"@type":"BreadcrumbList","@id":"https:\/\/vivancoculturadevino.es\/blog\/2016\/01\/29\/cepas-humanos\/#breadcrumb","itemListElement":[{"@type":"ListItem","position":1,"name":"Portada","item":"https:\/\/vivancoculturadevino.es\/blog\/"},{"@type":"ListItem","position":2,"name":"Cepas y humanos. Quiz\u00e1 no somos tan diferentes"}]},{"@type":"WebSite","@id":"https:\/\/vivancoculturadevino.es\/blog\/#website","url":"https:\/\/vivancoculturadevino.es\/blog\/","name":"Vivanco","description":"Una familia y una pasi\u00f3n: Compartir la cultura del vino","publisher":{"@id":"https:\/\/vivancoculturadevino.es\/blog\/#organization"},"potentialAction":[{"@type":"SearchAction","target":{"@type":"EntryPoint","urlTemplate":"https:\/\/vivancoculturadevino.es\/blog\/?s={search_term_string}"},"query-input":{"@type":"PropertyValueSpecification","valueRequired":true,"valueName":"search_term_string"}}],"inLanguage":"es"},{"@type":"Organization","@id":"https:\/\/vivancoculturadevino.es\/blog\/#organization","name":"Vivanco","url":"https:\/\/vivancoculturadevino.es\/blog\/","logo":{"@type":"ImageObject","inLanguage":"es","@id":"https:\/\/vivancoculturadevino.es\/blog\/#\/schema\/logo\/image\/","url":"https:\/\/vivancoculturadevino.es\/blog\/wp-content\/uploads\/2026\/01\/Logo-blanco.svg","contentUrl":"https:\/\/vivancoculturadevino.es\/blog\/wp-content\/uploads\/2026\/01\/Logo-blanco.svg","width":134,"height":43,"caption":"Vivanco"},"image":{"@id":"https:\/\/vivancoculturadevino.es\/blog\/#\/schema\/logo\/image\/"}},{"@type":"Person","@id":"https:\/\/vivancoculturadevino.es\/blog\/#\/schema\/person\/745931ee54ccbb839d8df0cceb02db4c","name":"Vivanco","image":{"@type":"ImageObject","inLanguage":"es","@id":"https:\/\/vivancoculturadevino.es\/blog\/#\/schema\/person\/image\/","url":"https:\/\/secure.gravatar.com\/avatar\/61b66c59d132db2f7ad4dfd1cc89bbd508b4d5888ab39ddba99f2aca247b7fb3?s=96&d=mm&r=g","contentUrl":"https:\/\/secure.gravatar.com\/avatar\/61b66c59d132db2f7ad4dfd1cc89bbd508b4d5888ab39ddba99f2aca247b7fb3?s=96&d=mm&r=g","caption":"Vivanco"},"description":"Bodega, Fundaci\u00f3n, Experiencias. Compartiendo Cultura de Vino","sameAs":["http:\/\/www.vivancoculturadevino.es","https:\/\/www.facebook.com\/vivancoculturadevino","https:\/\/x.com\/https:\/\/twitter.com\/Vivanco_es","https:\/\/www.youtube.com\/channel\/UC8a2nOiF7kAQNPPduAi2Evw\/videos"],"url":"https:\/\/vivancoculturadevino.es\/blog\/author\/administrator\/"}]}},"_links":{"self":[{"href":"https:\/\/vivancoculturadevino.es\/blog\/wp-json\/wp\/v2\/posts\/1923","targetHints":{"allow":["GET"]}}],"collection":[{"href":"https:\/\/vivancoculturadevino.es\/blog\/wp-json\/wp\/v2\/posts"}],"about":[{"href":"https:\/\/vivancoculturadevino.es\/blog\/wp-json\/wp\/v2\/types\/post"}],"author":[{"embeddable":true,"href":"https:\/\/vivancoculturadevino.es\/blog\/wp-json\/wp\/v2\/users\/1"}],"replies":[{"embeddable":true,"href":"https:\/\/vivancoculturadevino.es\/blog\/wp-json\/wp\/v2\/comments?post=1923"}],"version-history":[{"count":8,"href":"https:\/\/vivancoculturadevino.es\/blog\/wp-json\/wp\/v2\/posts\/1923\/revisions"}],"predecessor-version":[{"id":1936,"href":"https:\/\/vivancoculturadevino.es\/blog\/wp-json\/wp\/v2\/posts\/1923\/revisions\/1936"}],"wp:featuredmedia":[{"embeddable":true,"href":"https:\/\/vivancoculturadevino.es\/blog\/wp-json\/wp\/v2\/media\/1927"}],"wp:attachment":[{"href":"https:\/\/vivancoculturadevino.es\/blog\/wp-json\/wp\/v2\/media?parent=1923"}],"wp:term":[{"taxonomy":"category","embeddable":true,"href":"https:\/\/vivancoculturadevino.es\/blog\/wp-json\/wp\/v2\/categories?post=1923"},{"taxonomy":"post_tag","embeddable":true,"href":"https:\/\/vivancoculturadevino.es\/blog\/wp-json\/wp\/v2\/tags?post=1923"}],"curies":[{"name":"wp","href":"https:\/\/api.w.org\/{rel}","templated":true}]}}