{"id":1821,"date":"2015-12-02T12:33:46","date_gmt":"2015-12-02T11:33:46","guid":{"rendered":"http:\/\/vivancoculturadevino.es\/blog\/?p=1821"},"modified":"2020-05-19T17:41:34","modified_gmt":"2020-05-19T16:41:34","slug":"gastronomia-riojana-combatir-frio","status":"publish","type":"post","link":"https:\/\/vivancoculturadevino.es\/blog\/2015\/12\/02\/gastronomia-riojana-combatir-frio\/","title":{"rendered":"Gastronom\u00eda riojana para combatir el fr\u00edo"},"content":{"rendered":"<p>No hay ninguna duda de que el vino es el producto estrella de la gastronom\u00eda riojana. Es m\u00e1s, tampoco ser\u00eda exagerado afirmar que <strong>el vino es uno de los ejes principales de la cultura de La Rioja<\/strong>. Pero, m\u00e1s all\u00e1 del vino, la gastronom\u00eda de la regi\u00f3n nos ofrece tambi\u00e9n una serie de productos y platos t\u00edpicos de una personalidad e intensidad comparables a las de este producto mundialmente reconocido.<\/p>\n<h2>Las influencias de la gastronom\u00eda riojana<\/h2>\n<p>La gastronom\u00eda riojana debe su herencia a una serie de hechos hist\u00f3ricos que la han llevado a ser lo que hoy en d\u00eda es. De entre todos ellos, podemos destacar tres:<\/p>\n<h3><strong>1. Tradici\u00f3n multicultural\u00a0<\/strong><\/h3>\n<p>Por un lado, <strong>en La Rioja han confluido diferentes culturas durante siglos. Jud\u00edos, musulmanes y cristianos convivieron en sus tierras durante a\u00f1os<\/strong>, siendo las dos \u00faltimas culturas las que m\u00e1s influencia han tenido en su cocina.<\/p>\n<p>De los cristianos, la gastronom\u00eda riojana\u00a0 hereda sus asados y la importancia de las carnes en la dieta. De los musulmanes, el refinamiento y elaboraci\u00f3n de algunos de sus guisos y postres.<\/p>\n<h3><strong>2. El Camino de Santiago, el comercio y los monasterios<\/strong><\/h3>\n<p>En segundo lugar, <strong><span style=\"text-decoration: underline;\"><a href=\"http:\/\/vivancoculturadevino.es\/blog\/2015\/07\/06\/camino-santiago-paso-la-rioja\/\" target=\"_blank\">La Rioja es tierra de paso del Camino de Santiago.<\/a>\u00a0<\/span><\/strong>Este hecho ha marcado hist\u00f3ricamente el car\u00e1cter de la regi\u00f3n, convirti\u00e9ndola en un importante centro de comercio, lo que permit\u00eda el acceso a diferentes productos y el intercambio de conocimientos culinarios.<\/p>\n<p>Adem\u00e1s, <strong>el paso del Camino trae consigo tambi\u00e9n la proliferaci\u00f3n de monasterios en la zona<\/strong>. Lugares que seguramente fueran el <strong>origen de donde vienen algunas de las recetas m\u00e1s arraigadas de la gastronom\u00eda riojana y tambi\u00e9n espa\u00f1ola<\/strong>.<\/p>\n<h3><strong>3. El r\u00edo Ebro y el clima<\/strong><\/h3>\n<p>En tercer lugar, el particular clima de La Rioja y, especialmente, el paso del r\u00edo Ebro hacen de sus tierras una zona de cultivo extraordinariamente f\u00e9rtil para la producci\u00f3n de la vid, pero tambi\u00e9n de una gran variedad de productos de la huerta.<\/p>\n<p>Todos estos factores han configurado la personalidad de la gastronom\u00eda de La Rioja con el paso del tiempo. <strong>Una cocina tradicional basada en el respeto por la calidad de los productos aut\u00f3ctonos<\/strong>, en la que abundan las recetas con carnes de todo tipo (ganado ovino y bobino, aves, cerdo\u2026), pero tambi\u00e9n de otros productos de la tierra tales como las legumbres, las alcachofas, los esp\u00e1rragos o los pimientos riojanos. Y coron\u00e1ndolo todo, c\u00f3mo no, el <strong><span style=\"text-decoration: underline;\"><a href=\"http:\/\/vivancoculturadevino.es\/es\/bodega\/los-vinos\/\" target=\"_blank\">vino de La Rioja<\/a>.<\/span><\/strong><\/p>\n<p style=\"text-align: center;\"><a href=\"http:\/\/vivancoculturadevino.es\/blog\/wp-content\/uploads\/2015\/12\/Patatas-chorizo.jpg\"><img fetchpriority=\"high\" decoding=\"async\" width=\"700\" height=\"466\" class=\"aligncenter size-full wp-image-1824\" src=\"\/\/vivancoculturadevino.es\/blog\/wp-content\/uploads\/2015\/12\/Patatas-chorizo.jpg\" alt=\"Patatas chorizo\" srcset=\"https:\/\/vivancoculturadevino.es\/blog\/wp-content\/uploads\/2015\/12\/Patatas-chorizo.jpg 700w, https:\/\/vivancoculturadevino.es\/blog\/wp-content\/uploads\/2015\/12\/Patatas-chorizo-300x200.jpg 300w\" sizes=\"(max-width: 700px) 100vw, 700px\" \/><\/a>\u00a0<em>Foto: Patatas con chorizo del <a href=\"http:\/\/vivancoculturadevino.es\/es\/experiencias\/restaurante\/\" target=\"_blank\"><strong><span style=\"text-decoration: underline;\">Restaurante Vivanco<\/span><\/strong><\/a><\/em><a href=\"http:\/\/vivancoculturadevino.es\/es\/experiencias\/restaurante\/\" target=\"_blank\">\u00a0<\/a><\/p>\n<h2>Llega el fr\u00edo<\/h2>\n<p>Y como se va acercando el invierno, hoy haremos un breve repaso por algunos de los platos m\u00e1s t\u00edpicos de La Rioja, centr\u00e1ndonos en aquellos que <strong>m\u00e1s empiezan a apetecer cuando llega el fr\u00edo: platos calientes, muchos de cuchara, contundentes<\/strong> y con el suficiente aporte energ\u00e9tico como para compensar las calor\u00edas que nuestro organismo invierte en mantener la estabilidad de la temperatura corporal.<\/p>\n<h2>Platos t\u00edpicos de La Rioja para combatir el fr\u00edo<\/h2>\n<h3><span style=\"text-decoration: underline;\">Chuletas al sarmiento<\/span><\/h3>\n<p>Las chuletas al sarmiento son uno de los platos m\u00e1s conocidos de la cocina riojana. No es casual, ya que <strong>el cordero y el cabrito son los ganados m\u00e1s abundantes en la zona<\/strong>. La tradicional forma de asar las chuletas con el sarmiento de la vid aporta al plato su caracter\u00edstico aroma.<\/p>\n<h3><span style=\"text-decoration: underline;\">Cordero en caldereta<\/span><\/h3>\n<p>La caldereta es otra de las maneras tradicionales de cocinar el cordero en La Rioja. Suele utilizarse especialmente el brazuelo del animal, que se rehoga al fuego junto con productos de la huerta como alcachofas, guisantes, zanahorias, puerros, cebollas, ajos y perejil. Al guiso se le a\u00f1ade salsa de tomate, que aporta sabor y color al plato y harina, para ligar el jugo.<\/p>\n<h3><span style=\"text-decoration: underline;\">Patorrillo<\/span><\/h3>\n<p>El patorrillo es otro plato t\u00edpico de la regi\u00f3n basado en la carne del cordero. En este caso se utilizan las tripas del animal debidamente preparadas y enrolladas en patitas de cordero. Posteriormente se cuecen a fuego lento junto con puerros, tomate, chorizo y piment\u00f3n. Tambi\u00e9n suele a\u00f1ad\u00edrsele pimienta al guiso para darle un toque de picante.<\/p>\n<h3><span style=\"text-decoration: underline;\">Villagodios<\/span><\/h3>\n<p>Sin llegar al nivel del cordero, <strong>el ganado bovino tambi\u00e9n es abundante en La Rioja<\/strong>. En este caso, el plato estrella es el villagodio o chulet\u00f3n de novillo asado.<\/p>\n<h3><span style=\"text-decoration: underline;\">Pollo a la riojana<\/span><\/h3>\n<p>En la gastronom\u00eda riojana no pod\u00eda faltar el pollo, al que tras rehogarlo con aceite, pimienta y sal, suele acompa\u00f1\u00e1rsele tambi\u00e9n de chorizo y pimientos de La Rioja.<\/p>\n<h3><span style=\"text-decoration: underline;\">Chorizo riojano<\/span><\/h3>\n<p><strong>El chorizo riojano se caracteriza por la intensidad de su sabor y color<\/strong>, en gran medida proporcionado por el uso de especies, piment\u00f3n y ajo. De un grosor m\u00e1s fino que el de otros chorizos, es perfecto tanto para comerlo solo, como para dar car\u00e1cter a muchos platos y guisos riojanos, como el ya mencionado pollo a la riojana, el patorrillo, los callos o las patatas a la riojana.<\/p>\n<h3><span style=\"text-decoration: underline;\">Patatas a la riojana<\/span><\/h3>\n<p>Sin duda, otro de los platos estrella para degustar este invierno en La Rioja. <strong>Muy com\u00fan en la mayor\u00eda de establecimientos de la regi\u00f3n<\/strong>, consiste en un sencillo guiso de patatas con pimiento, puerro, tomate, piment\u00f3n y, como no, el famoso chorizo riojano. No hay manera m\u00e1s f\u00e1cil de combatir el fr\u00edo.<\/p>\n<h3><span style=\"text-decoration: underline;\">Menestra <\/span><\/h3>\n<p>La menestra tambi\u00e9n es un plato muy com\u00fan en La Rioja. Suele preparase cociendo las verduras por separado para que no se mezclen los sabores hasta que se sirvan. Algunas verduras, como las alcachofas,\u00a0 a menudo se sirven rebozadas.<\/p>\n<p>Si quiere a\u00f1adirse m\u00e1s fuerza a la menestra, el chorizo es, de nuevo, una de las opciones m\u00e1s recurrentes.<\/p>\n<p style=\"text-align: center;\"><a href=\"http:\/\/vivancoculturadevino.es\/blog\/wp-content\/uploads\/2015\/12\/MENESTRA-VERDURAS.png\"><img decoding=\"async\" width=\"700\" height=\"272\" class=\"aligncenter size-full wp-image-1827\" src=\"\/\/vivancoculturadevino.es\/blog\/wp-content\/uploads\/2015\/12\/MENESTRA-VERDURAS.png\" alt=\"MENESTRA VERDURAS\" srcset=\"https:\/\/vivancoculturadevino.es\/blog\/wp-content\/uploads\/2015\/12\/MENESTRA-VERDURAS.png 700w, https:\/\/vivancoculturadevino.es\/blog\/wp-content\/uploads\/2015\/12\/MENESTRA-VERDURAS-300x117.png 300w\" sizes=\"(max-width: 700px) 100vw, 700px\" \/><\/a><em>Foto: Menestra de verduras<\/em><\/p>\n<h3><span style=\"text-decoration: underline;\">Pochas y caparr\u00f3n pinto<\/span><\/h3>\n<p><strong>Estas dos legumbres tienen tambi\u00e9n un lugar de honor dentro de los platos de cuchara de La Rioja. Las pochas son una variedad de alubias blancas muy apreciadas en La Rioja<\/strong>. Con ellas se pueden preparar platos como las pochas a la riojana o las pochas con codornices. Por su parte, los caparrones son un tipo de alubias de color rojizo y forma redondeada.<\/p>\n<p>Este mismo nombre de caparrones, es el de uno de los platos m\u00e1s t\u00edpicos de la regi\u00f3n, en el que se presentan cocidos con chorizo.<\/p>\n<p style=\"text-align: center;\"><a href=\"http:\/\/vivancoculturadevino.es\/blog\/wp-content\/uploads\/2015\/12\/CAPARRONES.jpg\"><img decoding=\"async\" width=\"700\" height=\"393\" class=\"aligncenter size-full wp-image-1828\" src=\"\/\/vivancoculturadevino.es\/blog\/wp-content\/uploads\/2015\/12\/CAPARRONES.jpg\" alt=\"CAPARRONES\" srcset=\"https:\/\/vivancoculturadevino.es\/blog\/wp-content\/uploads\/2015\/12\/CAPARRONES.jpg 700w, https:\/\/vivancoculturadevino.es\/blog\/wp-content\/uploads\/2015\/12\/CAPARRONES-300x168.jpg 300w\" sizes=\"(max-width: 700px) 100vw, 700px\" \/><\/a><em>Foto: Caparrones al vino tinto. Autor: <a href=\"https:\/\/www.flickr.com\/photos\/silverman68\" target=\"_blank\"><span style=\"text-decoration: underline;\">Joselu Blanco<\/span><\/a><\/em><\/p>\n<h3><span style=\"text-decoration: underline;\">Bacalao a la riojana<\/span><\/h3>\n<p>No pod\u00eda faltar el pescado en el men\u00fa. En La Rioja son t\u00edpicos platos como las truchas o el bacalao a la riojana. Este \u00faltimo es especialmente popular, preparando los lomos del pescado en una cazuela de barro y cocin\u00e1ndolo con tomate y pimiento riojano.<\/p>\n<p style=\"text-align: center;\"><a href=\"http:\/\/vivancoculturadevino.es\/blog\/wp-content\/uploads\/2015\/12\/BACALAO-A-LA-RIOJANA.jpg\"><img loading=\"lazy\" decoding=\"async\" width=\"700\" height=\"465\" class=\"aligncenter size-full wp-image-1829\" src=\"\/\/vivancoculturadevino.es\/blog\/wp-content\/uploads\/2015\/12\/BACALAO-A-LA-RIOJANA.jpg\" alt=\"BACALAO A LA RIOJANA\" srcset=\"https:\/\/vivancoculturadevino.es\/blog\/wp-content\/uploads\/2015\/12\/BACALAO-A-LA-RIOJANA.jpg 700w, https:\/\/vivancoculturadevino.es\/blog\/wp-content\/uploads\/2015\/12\/BACALAO-A-LA-RIOJANA-300x199.jpg 300w\" sizes=\"(max-width: 700px) 100vw, 700px\" \/><\/a><em>Foto: Bacalao a la riojana. Autor: <a href=\"https:\/\/www.flickr.com\/photos\/xurde\/\" target=\"_blank\"><span style=\"text-decoration: underline;\">Jorge D\u00edaz<\/span><\/a><\/em><\/p>\n<h2>Winecooking<\/h2>\n<p>Las anteriores son tan solo algunas propuestas para hacer frente al fr\u00edo invernal de entre toda la oferta gastron\u00f3mica de La Rioja<strong>. Una cocina tradicional elaborada con productos de calidad y que tiene al vino como protagonista principal en cualquier men\u00fa<\/strong>.<\/p>\n<p>Pero aun manteniendo la personalidad de esta cocina, est\u00e1n surgiendo tambi\u00e9n nuevas propuestas gastron\u00f3micas en La Rioja. Una de ellas es el <strong><em>winecooking<\/em><\/strong>, el arte de integrar el vino en la elaboraci\u00f3n de los propios platos que componen el men\u00fa, a trav\u00e9s de salsas, gelificaciones o reducciones. Una manera de comer vino junto con carnes, pescados, verduras e incluso postres.<\/p>\n<p>Si quieres saber m\u00e1s sobre el <strong><em>winecooking<\/em><\/strong>, no dejes de visitar el <a href=\"http:\/\/vivancoculturadevino.es\/es\/experiencias\/restaurante\/\" target=\"_blank\"><strong>Restaurante Vivanco<\/strong><\/a>, donde surge esta nueva idea de cocina y donde podr\u00e1s disfrutar de un men\u00fa que ning\u00fan amante del vino deber\u00eda perderse.<\/p>\n<p>&nbsp;<\/p>\n<p style=\"text-align: center;\"><a href=\"http:\/\/vivancoculturadevino.es\/blog\/wp-content\/uploads\/2015\/12\/foie-pato-vino.jpg\"><img loading=\"lazy\" decoding=\"async\" width=\"675\" height=\"450\" class=\"aligncenter size-full wp-image-1830\" src=\"\/\/vivancoculturadevino.es\/blog\/wp-content\/uploads\/2015\/12\/foie-pato-vino.jpg\" alt=\"foie pato vino\" srcset=\"https:\/\/vivancoculturadevino.es\/blog\/wp-content\/uploads\/2015\/12\/foie-pato-vino.jpg 675w, https:\/\/vivancoculturadevino.es\/blog\/wp-content\/uploads\/2015\/12\/foie-pato-vino-300x200.jpg 300w\" sizes=\"(max-width: 675px) 100vw, 675px\" \/><\/a><em>Foto: Foie Gras de Pato Marinado en Taninos de 4 Varietales y Caviar de Vino del Restaurante Vivanco<\/em><\/p>\n<p style=\"text-align: left;\">\n","protected":false},"excerpt":{"rendered":"<p>\u00bfNo sabes con qu\u00e9 combatir el fr\u00edo? \u00bfConoces la gastronom\u00eda que ofrece La Rioja? Descubre las elaboraciones m\u00e1s t\u00edpicas de esta regi\u00f3n e incluso c\u00f3mo el vino forma parte de la ellas. <\/p>\n","protected":false},"author":1,"featured_media":1824,"comment_status":"open","ping_status":"open","sticky":false,"template":"","format":"standard","meta":{"footnotes":"","_elementor_edit_mode":"","_elementor_template_type":"","_elementor_data":"","_elementor_page_settings":null,"_elementor_conditions":[]},"categories":[6],"tags":[202,203,37,4,46],"class_list":["post-1821","post","type-post","status-publish","format-standard","has-post-thumbnail","hentry","category-experiencias","tag-comer-en-la-rioja","tag-invierno","tag-la-rioja","tag-vino","tag-winecooking"],"yoast_head":"<!-- This site is optimized with the Yoast SEO plugin v26.8 - https:\/\/yoast.com\/product\/yoast-seo-wordpress\/ -->\n<title>Gastronom\u00eda riojana para combatir el fr\u00edo | Vivanco<\/title>\n<meta name=\"description\" content=\"La gastronom\u00eda de La Rioja ofrece una serie de productos y platos de una personalidad e intensidad comparables a la de su producto m\u00e1s t\u00edpico, el vino.\" \/>\n<meta name=\"robots\" content=\"index, follow, max-snippet:-1, max-image-preview:large, max-video-preview:-1\" \/>\n<link rel=\"canonical\" href=\"https:\/\/vivancoculturadevino.es\/blog\/2015\/12\/02\/gastronomia-riojana-combatir-frio\/\" \/>\n<meta property=\"og:locale\" content=\"es_ES\" \/>\n<meta property=\"og:type\" content=\"article\" \/>\n<meta property=\"og:title\" content=\"Gastronom\u00eda riojana para combatir el fr\u00edo | Vivanco\" \/>\n<meta property=\"og:description\" content=\"La gastronom\u00eda de La Rioja ofrece una serie de productos y platos de una personalidad e intensidad comparables a la de su producto m\u00e1s t\u00edpico, el vino.\" \/>\n<meta property=\"og:url\" content=\"https:\/\/vivancoculturadevino.es\/blog\/2015\/12\/02\/gastronomia-riojana-combatir-frio\/\" \/>\n<meta property=\"og:site_name\" content=\"Vivanco\" \/>\n<meta property=\"article:author\" content=\"https:\/\/www.facebook.com\/vivancoculturadevino\" \/>\n<meta property=\"article:published_time\" content=\"2015-12-02T11:33:46+00:00\" \/>\n<meta property=\"article:modified_time\" content=\"2020-05-19T16:41:34+00:00\" \/>\n<meta property=\"og:image\" content=\"https:\/\/vivancoculturadevino.es\/blog\/wp-content\/uploads\/2015\/12\/Patatas-chorizo.jpg\" \/>\n\t<meta property=\"og:image:width\" content=\"700\" \/>\n\t<meta property=\"og:image:height\" content=\"466\" \/>\n\t<meta property=\"og:image:type\" content=\"image\/jpeg\" \/>\n<meta name=\"author\" content=\"Vivanco\" \/>\n<meta name=\"twitter:card\" content=\"summary_large_image\" \/>\n<meta name=\"twitter:creator\" content=\"@https:\/\/twitter.com\/Vivanco_es\" \/>\n<meta name=\"twitter:label1\" content=\"Escrito por\" \/>\n\t<meta name=\"twitter:data1\" content=\"Vivanco\" \/>\n\t<meta name=\"twitter:label2\" content=\"Tiempo de lectura\" \/>\n\t<meta name=\"twitter:data2\" content=\"7 minutos\" \/>\n<script type=\"application\/ld+json\" class=\"yoast-schema-graph\">{\"@context\":\"https:\/\/schema.org\",\"@graph\":[{\"@type\":\"Article\",\"@id\":\"https:\/\/vivancoculturadevino.es\/blog\/2015\/12\/02\/gastronomia-riojana-combatir-frio\/#article\",\"isPartOf\":{\"@id\":\"https:\/\/vivancoculturadevino.es\/blog\/2015\/12\/02\/gastronomia-riojana-combatir-frio\/\"},\"author\":{\"name\":\"Vivanco\",\"@id\":\"https:\/\/vivancoculturadevino.es\/blog\/#\/schema\/person\/745931ee54ccbb839d8df0cceb02db4c\"},\"headline\":\"Gastronom\u00eda riojana para combatir el fr\u00edo\",\"datePublished\":\"2015-12-02T11:33:46+00:00\",\"dateModified\":\"2020-05-19T16:41:34+00:00\",\"mainEntityOfPage\":{\"@id\":\"https:\/\/vivancoculturadevino.es\/blog\/2015\/12\/02\/gastronomia-riojana-combatir-frio\/\"},\"wordCount\":1331,\"commentCount\":1,\"publisher\":{\"@id\":\"https:\/\/vivancoculturadevino.es\/blog\/#organization\"},\"image\":{\"@id\":\"https:\/\/vivancoculturadevino.es\/blog\/2015\/12\/02\/gastronomia-riojana-combatir-frio\/#primaryimage\"},\"thumbnailUrl\":\"https:\/\/vivancoculturadevino.es\/blog\/wp-content\/uploads\/2015\/12\/Patatas-chorizo.jpg\",\"keywords\":[\"comer en La Rioja\",\"invierno\",\"La Rioja\",\"vino\",\"winecooking\"],\"articleSection\":[\"Compartiendo\"],\"inLanguage\":\"es\",\"potentialAction\":[{\"@type\":\"CommentAction\",\"name\":\"Comment\",\"target\":[\"https:\/\/vivancoculturadevino.es\/blog\/2015\/12\/02\/gastronomia-riojana-combatir-frio\/#respond\"]}]},{\"@type\":\"WebPage\",\"@id\":\"https:\/\/vivancoculturadevino.es\/blog\/2015\/12\/02\/gastronomia-riojana-combatir-frio\/\",\"url\":\"https:\/\/vivancoculturadevino.es\/blog\/2015\/12\/02\/gastronomia-riojana-combatir-frio\/\",\"name\":\"Gastronom\u00eda riojana para combatir el fr\u00edo | Vivanco\",\"isPartOf\":{\"@id\":\"https:\/\/vivancoculturadevino.es\/blog\/#website\"},\"primaryImageOfPage\":{\"@id\":\"https:\/\/vivancoculturadevino.es\/blog\/2015\/12\/02\/gastronomia-riojana-combatir-frio\/#primaryimage\"},\"image\":{\"@id\":\"https:\/\/vivancoculturadevino.es\/blog\/2015\/12\/02\/gastronomia-riojana-combatir-frio\/#primaryimage\"},\"thumbnailUrl\":\"https:\/\/vivancoculturadevino.es\/blog\/wp-content\/uploads\/2015\/12\/Patatas-chorizo.jpg\",\"datePublished\":\"2015-12-02T11:33:46+00:00\",\"dateModified\":\"2020-05-19T16:41:34+00:00\",\"description\":\"La gastronom\u00eda de La Rioja ofrece una serie de productos y platos de una personalidad e intensidad comparables a la de su producto m\u00e1s t\u00edpico, el vino.\",\"breadcrumb\":{\"@id\":\"https:\/\/vivancoculturadevino.es\/blog\/2015\/12\/02\/gastronomia-riojana-combatir-frio\/#breadcrumb\"},\"inLanguage\":\"es\",\"potentialAction\":[{\"@type\":\"ReadAction\",\"target\":[\"https:\/\/vivancoculturadevino.es\/blog\/2015\/12\/02\/gastronomia-riojana-combatir-frio\/\"]}]},{\"@type\":\"ImageObject\",\"inLanguage\":\"es\",\"@id\":\"https:\/\/vivancoculturadevino.es\/blog\/2015\/12\/02\/gastronomia-riojana-combatir-frio\/#primaryimage\",\"url\":\"https:\/\/vivancoculturadevino.es\/blog\/wp-content\/uploads\/2015\/12\/Patatas-chorizo.jpg\",\"contentUrl\":\"https:\/\/vivancoculturadevino.es\/blog\/wp-content\/uploads\/2015\/12\/Patatas-chorizo.jpg\",\"width\":700,\"height\":466},{\"@type\":\"BreadcrumbList\",\"@id\":\"https:\/\/vivancoculturadevino.es\/blog\/2015\/12\/02\/gastronomia-riojana-combatir-frio\/#breadcrumb\",\"itemListElement\":[{\"@type\":\"ListItem\",\"position\":1,\"name\":\"Portada\",\"item\":\"https:\/\/vivancoculturadevino.es\/blog\/\"},{\"@type\":\"ListItem\",\"position\":2,\"name\":\"Gastronom\u00eda riojana para combatir el fr\u00edo\"}]},{\"@type\":\"WebSite\",\"@id\":\"https:\/\/vivancoculturadevino.es\/blog\/#website\",\"url\":\"https:\/\/vivancoculturadevino.es\/blog\/\",\"name\":\"Vivanco\",\"description\":\"Una familia y una pasi\u00f3n: Compartir la cultura del vino\",\"publisher\":{\"@id\":\"https:\/\/vivancoculturadevino.es\/blog\/#organization\"},\"potentialAction\":[{\"@type\":\"SearchAction\",\"target\":{\"@type\":\"EntryPoint\",\"urlTemplate\":\"https:\/\/vivancoculturadevino.es\/blog\/?s={search_term_string}\"},\"query-input\":{\"@type\":\"PropertyValueSpecification\",\"valueRequired\":true,\"valueName\":\"search_term_string\"}}],\"inLanguage\":\"es\"},{\"@type\":\"Organization\",\"@id\":\"https:\/\/vivancoculturadevino.es\/blog\/#organization\",\"name\":\"Vivanco\",\"url\":\"https:\/\/vivancoculturadevino.es\/blog\/\",\"logo\":{\"@type\":\"ImageObject\",\"inLanguage\":\"es\",\"@id\":\"https:\/\/vivancoculturadevino.es\/blog\/#\/schema\/logo\/image\/\",\"url\":\"https:\/\/vivancoculturadevino.es\/blog\/wp-content\/uploads\/2026\/01\/Logo-blanco.svg\",\"contentUrl\":\"https:\/\/vivancoculturadevino.es\/blog\/wp-content\/uploads\/2026\/01\/Logo-blanco.svg\",\"width\":134,\"height\":43,\"caption\":\"Vivanco\"},\"image\":{\"@id\":\"https:\/\/vivancoculturadevino.es\/blog\/#\/schema\/logo\/image\/\"}},{\"@type\":\"Person\",\"@id\":\"https:\/\/vivancoculturadevino.es\/blog\/#\/schema\/person\/745931ee54ccbb839d8df0cceb02db4c\",\"name\":\"Vivanco\",\"image\":{\"@type\":\"ImageObject\",\"inLanguage\":\"es\",\"@id\":\"https:\/\/vivancoculturadevino.es\/blog\/#\/schema\/person\/image\/\",\"url\":\"https:\/\/secure.gravatar.com\/avatar\/61b66c59d132db2f7ad4dfd1cc89bbd508b4d5888ab39ddba99f2aca247b7fb3?s=96&d=mm&r=g\",\"contentUrl\":\"https:\/\/secure.gravatar.com\/avatar\/61b66c59d132db2f7ad4dfd1cc89bbd508b4d5888ab39ddba99f2aca247b7fb3?s=96&d=mm&r=g\",\"caption\":\"Vivanco\"},\"description\":\"Bodega, Fundaci\u00f3n, Experiencias. Compartiendo Cultura de Vino\",\"sameAs\":[\"http:\/\/www.vivancoculturadevino.es\",\"https:\/\/www.facebook.com\/vivancoculturadevino\",\"https:\/\/x.com\/https:\/\/twitter.com\/Vivanco_es\",\"https:\/\/www.youtube.com\/channel\/UC8a2nOiF7kAQNPPduAi2Evw\/videos\"],\"url\":\"https:\/\/vivancoculturadevino.es\/blog\/author\/administrator\/\"}]}<\/script>\n<!-- \/ Yoast SEO plugin. -->","yoast_head_json":{"title":"Gastronom\u00eda riojana para combatir el fr\u00edo | Vivanco","description":"La gastronom\u00eda de La Rioja ofrece una serie de productos y platos de una personalidad e intensidad comparables a la de su producto m\u00e1s t\u00edpico, el vino.","robots":{"index":"index","follow":"follow","max-snippet":"max-snippet:-1","max-image-preview":"max-image-preview:large","max-video-preview":"max-video-preview:-1"},"canonical":"https:\/\/vivancoculturadevino.es\/blog\/2015\/12\/02\/gastronomia-riojana-combatir-frio\/","og_locale":"es_ES","og_type":"article","og_title":"Gastronom\u00eda riojana para combatir el fr\u00edo | Vivanco","og_description":"La gastronom\u00eda de La Rioja ofrece una serie de productos y platos de una personalidad e intensidad comparables a la de su producto m\u00e1s t\u00edpico, el vino.","og_url":"https:\/\/vivancoculturadevino.es\/blog\/2015\/12\/02\/gastronomia-riojana-combatir-frio\/","og_site_name":"Vivanco","article_author":"https:\/\/www.facebook.com\/vivancoculturadevino","article_published_time":"2015-12-02T11:33:46+00:00","article_modified_time":"2020-05-19T16:41:34+00:00","og_image":[{"width":700,"height":466,"url":"https:\/\/vivancoculturadevino.es\/blog\/wp-content\/uploads\/2015\/12\/Patatas-chorizo.jpg","type":"image\/jpeg"}],"author":"Vivanco","twitter_card":"summary_large_image","twitter_creator":"@https:\/\/twitter.com\/Vivanco_es","twitter_misc":{"Escrito por":"Vivanco","Tiempo de lectura":"7 minutos"},"schema":{"@context":"https:\/\/schema.org","@graph":[{"@type":"Article","@id":"https:\/\/vivancoculturadevino.es\/blog\/2015\/12\/02\/gastronomia-riojana-combatir-frio\/#article","isPartOf":{"@id":"https:\/\/vivancoculturadevino.es\/blog\/2015\/12\/02\/gastronomia-riojana-combatir-frio\/"},"author":{"name":"Vivanco","@id":"https:\/\/vivancoculturadevino.es\/blog\/#\/schema\/person\/745931ee54ccbb839d8df0cceb02db4c"},"headline":"Gastronom\u00eda riojana para combatir el fr\u00edo","datePublished":"2015-12-02T11:33:46+00:00","dateModified":"2020-05-19T16:41:34+00:00","mainEntityOfPage":{"@id":"https:\/\/vivancoculturadevino.es\/blog\/2015\/12\/02\/gastronomia-riojana-combatir-frio\/"},"wordCount":1331,"commentCount":1,"publisher":{"@id":"https:\/\/vivancoculturadevino.es\/blog\/#organization"},"image":{"@id":"https:\/\/vivancoculturadevino.es\/blog\/2015\/12\/02\/gastronomia-riojana-combatir-frio\/#primaryimage"},"thumbnailUrl":"https:\/\/vivancoculturadevino.es\/blog\/wp-content\/uploads\/2015\/12\/Patatas-chorizo.jpg","keywords":["comer en La Rioja","invierno","La Rioja","vino","winecooking"],"articleSection":["Compartiendo"],"inLanguage":"es","potentialAction":[{"@type":"CommentAction","name":"Comment","target":["https:\/\/vivancoculturadevino.es\/blog\/2015\/12\/02\/gastronomia-riojana-combatir-frio\/#respond"]}]},{"@type":"WebPage","@id":"https:\/\/vivancoculturadevino.es\/blog\/2015\/12\/02\/gastronomia-riojana-combatir-frio\/","url":"https:\/\/vivancoculturadevino.es\/blog\/2015\/12\/02\/gastronomia-riojana-combatir-frio\/","name":"Gastronom\u00eda riojana para combatir el fr\u00edo | Vivanco","isPartOf":{"@id":"https:\/\/vivancoculturadevino.es\/blog\/#website"},"primaryImageOfPage":{"@id":"https:\/\/vivancoculturadevino.es\/blog\/2015\/12\/02\/gastronomia-riojana-combatir-frio\/#primaryimage"},"image":{"@id":"https:\/\/vivancoculturadevino.es\/blog\/2015\/12\/02\/gastronomia-riojana-combatir-frio\/#primaryimage"},"thumbnailUrl":"https:\/\/vivancoculturadevino.es\/blog\/wp-content\/uploads\/2015\/12\/Patatas-chorizo.jpg","datePublished":"2015-12-02T11:33:46+00:00","dateModified":"2020-05-19T16:41:34+00:00","description":"La gastronom\u00eda de La Rioja ofrece una serie de productos y platos de una personalidad e intensidad comparables a la de su producto m\u00e1s t\u00edpico, el vino.","breadcrumb":{"@id":"https:\/\/vivancoculturadevino.es\/blog\/2015\/12\/02\/gastronomia-riojana-combatir-frio\/#breadcrumb"},"inLanguage":"es","potentialAction":[{"@type":"ReadAction","target":["https:\/\/vivancoculturadevino.es\/blog\/2015\/12\/02\/gastronomia-riojana-combatir-frio\/"]}]},{"@type":"ImageObject","inLanguage":"es","@id":"https:\/\/vivancoculturadevino.es\/blog\/2015\/12\/02\/gastronomia-riojana-combatir-frio\/#primaryimage","url":"https:\/\/vivancoculturadevino.es\/blog\/wp-content\/uploads\/2015\/12\/Patatas-chorizo.jpg","contentUrl":"https:\/\/vivancoculturadevino.es\/blog\/wp-content\/uploads\/2015\/12\/Patatas-chorizo.jpg","width":700,"height":466},{"@type":"BreadcrumbList","@id":"https:\/\/vivancoculturadevino.es\/blog\/2015\/12\/02\/gastronomia-riojana-combatir-frio\/#breadcrumb","itemListElement":[{"@type":"ListItem","position":1,"name":"Portada","item":"https:\/\/vivancoculturadevino.es\/blog\/"},{"@type":"ListItem","position":2,"name":"Gastronom\u00eda riojana para combatir el fr\u00edo"}]},{"@type":"WebSite","@id":"https:\/\/vivancoculturadevino.es\/blog\/#website","url":"https:\/\/vivancoculturadevino.es\/blog\/","name":"Vivanco","description":"Una familia y una pasi\u00f3n: Compartir la cultura del vino","publisher":{"@id":"https:\/\/vivancoculturadevino.es\/blog\/#organization"},"potentialAction":[{"@type":"SearchAction","target":{"@type":"EntryPoint","urlTemplate":"https:\/\/vivancoculturadevino.es\/blog\/?s={search_term_string}"},"query-input":{"@type":"PropertyValueSpecification","valueRequired":true,"valueName":"search_term_string"}}],"inLanguage":"es"},{"@type":"Organization","@id":"https:\/\/vivancoculturadevino.es\/blog\/#organization","name":"Vivanco","url":"https:\/\/vivancoculturadevino.es\/blog\/","logo":{"@type":"ImageObject","inLanguage":"es","@id":"https:\/\/vivancoculturadevino.es\/blog\/#\/schema\/logo\/image\/","url":"https:\/\/vivancoculturadevino.es\/blog\/wp-content\/uploads\/2026\/01\/Logo-blanco.svg","contentUrl":"https:\/\/vivancoculturadevino.es\/blog\/wp-content\/uploads\/2026\/01\/Logo-blanco.svg","width":134,"height":43,"caption":"Vivanco"},"image":{"@id":"https:\/\/vivancoculturadevino.es\/blog\/#\/schema\/logo\/image\/"}},{"@type":"Person","@id":"https:\/\/vivancoculturadevino.es\/blog\/#\/schema\/person\/745931ee54ccbb839d8df0cceb02db4c","name":"Vivanco","image":{"@type":"ImageObject","inLanguage":"es","@id":"https:\/\/vivancoculturadevino.es\/blog\/#\/schema\/person\/image\/","url":"https:\/\/secure.gravatar.com\/avatar\/61b66c59d132db2f7ad4dfd1cc89bbd508b4d5888ab39ddba99f2aca247b7fb3?s=96&d=mm&r=g","contentUrl":"https:\/\/secure.gravatar.com\/avatar\/61b66c59d132db2f7ad4dfd1cc89bbd508b4d5888ab39ddba99f2aca247b7fb3?s=96&d=mm&r=g","caption":"Vivanco"},"description":"Bodega, Fundaci\u00f3n, Experiencias. Compartiendo Cultura de Vino","sameAs":["http:\/\/www.vivancoculturadevino.es","https:\/\/www.facebook.com\/vivancoculturadevino","https:\/\/x.com\/https:\/\/twitter.com\/Vivanco_es","https:\/\/www.youtube.com\/channel\/UC8a2nOiF7kAQNPPduAi2Evw\/videos"],"url":"https:\/\/vivancoculturadevino.es\/blog\/author\/administrator\/"}]}},"_links":{"self":[{"href":"https:\/\/vivancoculturadevino.es\/blog\/wp-json\/wp\/v2\/posts\/1821","targetHints":{"allow":["GET"]}}],"collection":[{"href":"https:\/\/vivancoculturadevino.es\/blog\/wp-json\/wp\/v2\/posts"}],"about":[{"href":"https:\/\/vivancoculturadevino.es\/blog\/wp-json\/wp\/v2\/types\/post"}],"author":[{"embeddable":true,"href":"https:\/\/vivancoculturadevino.es\/blog\/wp-json\/wp\/v2\/users\/1"}],"replies":[{"embeddable":true,"href":"https:\/\/vivancoculturadevino.es\/blog\/wp-json\/wp\/v2\/comments?post=1821"}],"version-history":[{"count":9,"href":"https:\/\/vivancoculturadevino.es\/blog\/wp-json\/wp\/v2\/posts\/1821\/revisions"}],"predecessor-version":[{"id":1836,"href":"https:\/\/vivancoculturadevino.es\/blog\/wp-json\/wp\/v2\/posts\/1821\/revisions\/1836"}],"wp:featuredmedia":[{"embeddable":true,"href":"https:\/\/vivancoculturadevino.es\/blog\/wp-json\/wp\/v2\/media\/1824"}],"wp:attachment":[{"href":"https:\/\/vivancoculturadevino.es\/blog\/wp-json\/wp\/v2\/media?parent=1821"}],"wp:term":[{"taxonomy":"category","embeddable":true,"href":"https:\/\/vivancoculturadevino.es\/blog\/wp-json\/wp\/v2\/categories?post=1821"},{"taxonomy":"post_tag","embeddable":true,"href":"https:\/\/vivancoculturadevino.es\/blog\/wp-json\/wp\/v2\/tags?post=1821"}],"curies":[{"name":"wp","href":"https:\/\/api.w.org\/{rel}","templated":true}]}}