{"id":162,"date":"2014-07-30T14:20:28","date_gmt":"2014-07-30T14:20:28","guid":{"rendered":"http:\/\/vivancoculturadevino.es\/blog\/?p=162"},"modified":"2014-07-30T15:49:07","modified_gmt":"2014-07-30T15:49:07","slug":"rioja-pequeno-gran-universo","status":"publish","type":"post","link":"https:\/\/vivancoculturadevino.es\/blog\/2014\/07\/30\/rioja-pequeno-gran-universo\/","title":{"rendered":"La Rioja, un peque\u00f1o gran universo"},"content":{"rendered":"<p>Por Manuel Cu\u00e9llar<\/p>\n<p>Existen lugares que a este alem\u00e1n le enamoran y La Rioja ha sido la \u00faltima tierra capaz de conquistarle. Se llama Joerg Daiber y es un cineasta que en el a\u00f1o 2000 cre\u00f3 la empresa <a href=\"http:\/\/www.spoonfilm.com\/\">Spoonfilm<\/a>\u00a0junto a Heiko Kalmbach y Alexander Pfeuffer para producir y filmar cortos y v\u00eddeos. Una de sus producciones que pon\u00eda el foco sobre Espa\u00f1a se convirti\u00f3 en un v\u00eddeo viral, que mostraba diferentes lugares de la geograf\u00eda espa\u00f1ola, fundamentalmente en el sur, con la utilizaci\u00f3n del <a href=\"http:\/\/en.wikipedia.org\/wiki\/Tilt%E2%80%93shift_photography\">sistema\u00a0<i>tilt-shift<\/i>\u00a0<\/a>(un truco que hace parecer todo en miniatura). Todo un experto en a\u00f1adir un plus de calidad y sorpresa a los esl\u00f3ganes oficiales a trav\u00e9s de la imagen.<\/p>\n<p>Una empresa de viajes le pidi\u00f3 para la serie<i>\u00a0<strong>Peque\u00f1o gran mundo<\/strong><\/i>\u00a0que desarrollan desde su p\u00e1gina web que pusiera su foco sobre la tierra de La Rioja. <i>\u201cLo primero que me vino a la mente, por supuesto, fue su famoso vino. Antes de viajar hasta all\u00ed, mi imagen preconcebida es que ser\u00eda una tierra en la que no habr\u00eda mucho m\u00e1s que extensiones de campo con vi\u00f1edos. Para mi gran sorpresa tuve que cambiar radicalmente de opini\u00f3n: La Rioja es una preciosa peque\u00f1a provincia. No solo encontramos muchos castillos, tambi\u00e9n impactantes paisajes con monta\u00f1as como protagonistas, preciosos r\u00edos y ca\u00f1ones\u2026 Y despu\u00e9s Logro\u00f1o, con esas impresionantes tapas y bares en la Calle del Laurel\u2026\u201d<\/i>, recuerda el cineasta al preguntarle por su trabajo.<\/p>\n<p>El resultado ha sido este extraordinario v\u00eddeo de La Rioja desde una curiosa perspectiva:<\/p>\n\n<p>&nbsp;<\/p>\n<p><i>\u201cPara m\u00ed fue como un descubrimiento inesperado de una joya escondida. O mejor todav\u00eda, el hallazgo de todo el cofre del tesoro\u201d,<\/i> afirma Daiber. El v\u00eddeo se rod\u00f3 durante cinco d\u00edas en La Rioja. Dice todo el equipo involucrado que los responsables de Turismo ayudaron mucho facilitando la informaci\u00f3n necesaria para encontrar esos lugares que funcionan de una manera perfecta para la t\u00e9cnica del\u00a0<i>tilt-shift.<\/i>\u00a0\u201c<i>Afortunadamente la provincia no es muy extensa, as\u00ed que no tuvimos que emplear mucho tiempo viajando de un lugar a otro. Hicimos campo base en Logro\u00f1o y desde all\u00ed nos desplazamos a los maravillosos lugares para filmar\u201d<\/i>, explica el director.<\/p>\n<p>La edici\u00f3n y postproducci\u00f3n del trabajo llevaron un par de semanas m\u00e1s. Pero lo que m\u00e1s le llam\u00f3 la atenci\u00f3n, sin duda, fue el vino. <i>\u201cSiendo de Alemania, crec\u00ed envuelto en la cultura de la cerveza. Aun as\u00ed, me he familiarizado con los vinos de Rioja, especialmente el de uva tempranillo. Como no pod\u00eda ser de otra manera, en La Rioja beb\u00ed mucho m\u00e1s vino del que suelo y su sabor siempre me ha resultado delicioso. Lo tomaba hasta en el desayuno, algo no muy habitual en mi dieta, aunque creo que podr\u00eda acostumbrarme a ello sin problema\u201d,<\/i> dice bromeando.<\/p>\n<p>El director asegura que lo m\u00e1s complicado del rodaje lleg\u00f3 con los planos a\u00e9reos. <i>\u201cDesde que el Gobierno prohibi\u00f3 la utilizaci\u00f3n de drones con c\u00e1maras, tuvimos que alquilar un globo aerost\u00e1tico. Para realizar\u00a0timelapses,\u00a0la c\u00e1mara ha de estar lo m\u00e1s estable posible, y en el globo tuvimos que rodar c\u00e1mara en mano. Lo arreglamos en postproducci\u00f3n y estoy contento con el resultado\u201d.<\/i><\/p>\n<p style=\"text-align: center;\"><a href=\"http:\/\/vivancoculturadevino.es\/blog\/wp-content\/uploads\/2014\/07\/la-rioja-little-4.png\"><img fetchpriority=\"high\" decoding=\"async\" class=\"aligncenter  wp-image-172\" alt=\"la-rioja-little-4\" src=\"\/\/vivancoculturadevino.es\/blog\/wp-content\/uploads\/2014\/07\/la-rioja-little-4.png\" width=\"620\" height=\"234\" \/><\/a><\/p>\n<p>\u00bfQu\u00e9 impresi\u00f3n se llev\u00f3 Joerg Daiber en general de La Rioja?\u00a0<i>\u201cQue es una tierra con una gran gastronom\u00eda, un vino incre\u00edble y una gente maravillosamente amigable. Adem\u00e1s, repleta de lugares hist\u00f3ricos interesantes. Y puedes realizar una tonelada de actividades al aire libre.\u00a0Hiking, mountain bike, kayak, escalada\u2026 Y puedes hacer el Camino de Santiago\u201d.<\/i><\/p>\n<p>A continuaci\u00f3n el v\u00eddeo en <em>tilt-shift<\/em> &#8220;<strong><em>Sweet Spain<\/em><\/strong>&#8221; que populariz\u00f3 a Joerg Daiber en nuestro pa\u00eds:<\/p>\n\n<p>&nbsp;<\/p>\n<p>&nbsp;<\/p>\n","protected":false},"excerpt":{"rendered":"<p>La Rioja es una joya escondida y Joerg Daiber la ha descubierto. Su v\u00eddeo Little La Rioja refleja la magia de esta tierra en formato tilt-shift y nos cuenta su experiencia.<\/p>\n","protected":false},"author":3,"featured_media":169,"comment_status":"open","ping_status":"open","sticky":false,"template":"","format":"standard","meta":{"footnotes":"","_elementor_edit_mode":"","_elementor_template_type":"","_elementor_data":"","_elementor_page_settings":null,"_elementor_conditions":[]},"categories":[6,2],"tags":[19,40,37,39,38],"class_list":["post-162","post","type-post","status-publish","format-standard","has-post-thumbnail","hentry","category-experiencias","category-vivanco","tag-cultura-de-vino","tag-joerg-daiber","tag-la-rioja","tag-tilt-shift","tag-video"],"yoast_head":"<!-- This site is optimized with the Yoast SEO plugin v26.8 - https:\/\/yoast.com\/product\/yoast-seo-wordpress\/ -->\n<title>La Rioja, un peque\u00f1o gran universo<\/title>\n<meta name=\"description\" content=\"La Rioja es una joya escondida y Joerg Daiber la ha descubierto. Su v\u00eddeo Little La Rioja refleja la magia de esta tierra en formato tilt-shift y nos cuenta su experiencia.\" \/>\n<meta name=\"robots\" content=\"index, follow, max-snippet:-1, max-image-preview:large, max-video-preview:-1\" \/>\n<link rel=\"canonical\" href=\"https:\/\/vivancoculturadevino.es\/blog\/2014\/07\/30\/rioja-pequeno-gran-universo\/\" \/>\n<meta property=\"og:locale\" content=\"es_ES\" \/>\n<meta property=\"og:type\" content=\"article\" \/>\n<meta property=\"og:title\" content=\"La Rioja, un peque\u00f1o gran universo\" \/>\n<meta property=\"og:description\" content=\"La Rioja es una joya escondida y Joerg Daiber la ha descubierto. Su v\u00eddeo Little La Rioja refleja la magia de esta tierra en formato tilt-shift y nos cuenta su experiencia.\" \/>\n<meta property=\"og:url\" content=\"https:\/\/vivancoculturadevino.es\/blog\/2014\/07\/30\/rioja-pequeno-gran-universo\/\" \/>\n<meta property=\"og:site_name\" content=\"Vivanco\" \/>\n<meta property=\"article:author\" content=\"https:\/\/www.facebook.com\/ElAsombrario\" \/>\n<meta property=\"article:published_time\" content=\"2014-07-30T14:20:28+00:00\" \/>\n<meta property=\"article:modified_time\" content=\"2014-07-30T15:49:07+00:00\" \/>\n<meta property=\"og:image\" content=\"https:\/\/vivancoculturadevino.es\/blog\/wp-content\/uploads\/2014\/07\/la-rioja-little-1.png\" \/>\n\t<meta property=\"og:image:width\" content=\"1570\" \/>\n\t<meta property=\"og:image:height\" content=\"593\" \/>\n\t<meta property=\"og:image:type\" content=\"image\/png\" \/>\n<meta name=\"author\" content=\"Manuel Cu\u00e9llar\" \/>\n<meta name=\"twitter:card\" content=\"summary_large_image\" \/>\n<meta name=\"twitter:creator\" content=\"@https:\/\/twitter.com\/Manuelcuellar\" \/>\n<meta name=\"twitter:label1\" content=\"Escrito por\" \/>\n\t<meta name=\"twitter:data1\" content=\"Manuel Cu\u00e9llar\" \/>\n\t<meta name=\"twitter:label2\" content=\"Tiempo de lectura\" \/>\n\t<meta name=\"twitter:data2\" content=\"3 minutos\" \/>\n<script type=\"application\/ld+json\" class=\"yoast-schema-graph\">{\"@context\":\"https:\/\/schema.org\",\"@graph\":[{\"@type\":\"Article\",\"@id\":\"https:\/\/vivancoculturadevino.es\/blog\/2014\/07\/30\/rioja-pequeno-gran-universo\/#article\",\"isPartOf\":{\"@id\":\"https:\/\/vivancoculturadevino.es\/blog\/2014\/07\/30\/rioja-pequeno-gran-universo\/\"},\"author\":{\"name\":\"Manuel Cu\u00e9llar\",\"@id\":\"https:\/\/vivancoculturadevino.es\/blog\/#\/schema\/person\/f136e59d98f9f2a913718a3980bd396b\"},\"headline\":\"La Rioja, un peque\u00f1o gran universo\",\"datePublished\":\"2014-07-30T14:20:28+00:00\",\"dateModified\":\"2014-07-30T15:49:07+00:00\",\"mainEntityOfPage\":{\"@id\":\"https:\/\/vivancoculturadevino.es\/blog\/2014\/07\/30\/rioja-pequeno-gran-universo\/\"},\"wordCount\":675,\"commentCount\":1,\"publisher\":{\"@id\":\"https:\/\/vivancoculturadevino.es\/blog\/#organization\"},\"image\":{\"@id\":\"https:\/\/vivancoculturadevino.es\/blog\/2014\/07\/30\/rioja-pequeno-gran-universo\/#primaryimage\"},\"thumbnailUrl\":\"https:\/\/vivancoculturadevino.es\/blog\/wp-content\/uploads\/2014\/07\/la-rioja-little-1.png\",\"keywords\":[\"cultura de vino\",\"Joerg Daiber\",\"La Rioja\",\"tilt-shift\",\"v\u00eddeo\"],\"articleSection\":[\"Compartiendo\",\"Vivanco\"],\"inLanguage\":\"es\",\"potentialAction\":[{\"@type\":\"CommentAction\",\"name\":\"Comment\",\"target\":[\"https:\/\/vivancoculturadevino.es\/blog\/2014\/07\/30\/rioja-pequeno-gran-universo\/#respond\"]}]},{\"@type\":\"WebPage\",\"@id\":\"https:\/\/vivancoculturadevino.es\/blog\/2014\/07\/30\/rioja-pequeno-gran-universo\/\",\"url\":\"https:\/\/vivancoculturadevino.es\/blog\/2014\/07\/30\/rioja-pequeno-gran-universo\/\",\"name\":\"La Rioja, un peque\u00f1o gran universo\",\"isPartOf\":{\"@id\":\"https:\/\/vivancoculturadevino.es\/blog\/#website\"},\"primaryImageOfPage\":{\"@id\":\"https:\/\/vivancoculturadevino.es\/blog\/2014\/07\/30\/rioja-pequeno-gran-universo\/#primaryimage\"},\"image\":{\"@id\":\"https:\/\/vivancoculturadevino.es\/blog\/2014\/07\/30\/rioja-pequeno-gran-universo\/#primaryimage\"},\"thumbnailUrl\":\"https:\/\/vivancoculturadevino.es\/blog\/wp-content\/uploads\/2014\/07\/la-rioja-little-1.png\",\"datePublished\":\"2014-07-30T14:20:28+00:00\",\"dateModified\":\"2014-07-30T15:49:07+00:00\",\"description\":\"La Rioja es una joya escondida y Joerg Daiber la ha descubierto. Su v\u00eddeo Little La Rioja refleja la magia de esta tierra en formato tilt-shift y nos cuenta su experiencia.\",\"breadcrumb\":{\"@id\":\"https:\/\/vivancoculturadevino.es\/blog\/2014\/07\/30\/rioja-pequeno-gran-universo\/#breadcrumb\"},\"inLanguage\":\"es\",\"potentialAction\":[{\"@type\":\"ReadAction\",\"target\":[\"https:\/\/vivancoculturadevino.es\/blog\/2014\/07\/30\/rioja-pequeno-gran-universo\/\"]}]},{\"@type\":\"ImageObject\",\"inLanguage\":\"es\",\"@id\":\"https:\/\/vivancoculturadevino.es\/blog\/2014\/07\/30\/rioja-pequeno-gran-universo\/#primaryimage\",\"url\":\"https:\/\/vivancoculturadevino.es\/blog\/wp-content\/uploads\/2014\/07\/la-rioja-little-1.png\",\"contentUrl\":\"https:\/\/vivancoculturadevino.es\/blog\/wp-content\/uploads\/2014\/07\/la-rioja-little-1.png\",\"width\":1570,\"height\":593,\"caption\":\"la-rioja-little-1\"},{\"@type\":\"BreadcrumbList\",\"@id\":\"https:\/\/vivancoculturadevino.es\/blog\/2014\/07\/30\/rioja-pequeno-gran-universo\/#breadcrumb\",\"itemListElement\":[{\"@type\":\"ListItem\",\"position\":1,\"name\":\"Portada\",\"item\":\"https:\/\/vivancoculturadevino.es\/blog\/\"},{\"@type\":\"ListItem\",\"position\":2,\"name\":\"La Rioja, un peque\u00f1o gran universo\"}]},{\"@type\":\"WebSite\",\"@id\":\"https:\/\/vivancoculturadevino.es\/blog\/#website\",\"url\":\"https:\/\/vivancoculturadevino.es\/blog\/\",\"name\":\"Vivanco\",\"description\":\"Una familia y una pasi\u00f3n: Compartir la cultura del vino\",\"publisher\":{\"@id\":\"https:\/\/vivancoculturadevino.es\/blog\/#organization\"},\"potentialAction\":[{\"@type\":\"SearchAction\",\"target\":{\"@type\":\"EntryPoint\",\"urlTemplate\":\"https:\/\/vivancoculturadevino.es\/blog\/?s={search_term_string}\"},\"query-input\":{\"@type\":\"PropertyValueSpecification\",\"valueRequired\":true,\"valueName\":\"search_term_string\"}}],\"inLanguage\":\"es\"},{\"@type\":\"Organization\",\"@id\":\"https:\/\/vivancoculturadevino.es\/blog\/#organization\",\"name\":\"Vivanco\",\"url\":\"https:\/\/vivancoculturadevino.es\/blog\/\",\"logo\":{\"@type\":\"ImageObject\",\"inLanguage\":\"es\",\"@id\":\"https:\/\/vivancoculturadevino.es\/blog\/#\/schema\/logo\/image\/\",\"url\":\"https:\/\/vivancoculturadevino.es\/blog\/wp-content\/uploads\/2026\/01\/Logo-blanco.svg\",\"contentUrl\":\"https:\/\/vivancoculturadevino.es\/blog\/wp-content\/uploads\/2026\/01\/Logo-blanco.svg\",\"width\":134,\"height\":43,\"caption\":\"Vivanco\"},\"image\":{\"@id\":\"https:\/\/vivancoculturadevino.es\/blog\/#\/schema\/logo\/image\/\"}},{\"@type\":\"Person\",\"@id\":\"https:\/\/vivancoculturadevino.es\/blog\/#\/schema\/person\/f136e59d98f9f2a913718a3980bd396b\",\"name\":\"Manuel Cu\u00e9llar\",\"image\":{\"@type\":\"ImageObject\",\"inLanguage\":\"es\",\"@id\":\"https:\/\/vivancoculturadevino.es\/blog\/#\/schema\/person\/image\/\",\"url\":\"https:\/\/secure.gravatar.com\/avatar\/6d3d56cd7666b977e2c4bd35dcb50bb4ea350fec32ec720eda065d540629ed73?s=96&d=mm&r=g\",\"contentUrl\":\"https:\/\/secure.gravatar.com\/avatar\/6d3d56cd7666b977e2c4bd35dcb50bb4ea350fec32ec720eda065d540629ed73?s=96&d=mm&r=g\",\"caption\":\"Manuel Cu\u00e9llar\"},\"description\":\"Licenciado en Derecho en la Universidad Aut\u00f3noma de Madrid, siempre supo que lo suyo era el periodismo. Curso de posgrado en la Escuela de Periodismo UAM\/EL PA\u00cdS. Trabaj\u00f3 durante m\u00e1s de 17 a\u00f1os en el diario ELPAIS donde se form\u00f3 como periodista todoterreno. Desde hace dos a\u00f1os edita la revista online cultural Elasombrario.com asociada a Eldiario.es\",\"sameAs\":[\"http:\/\/elasombrario.com\/\",\"https:\/\/www.facebook.com\/ElAsombrario\",\"https:\/\/x.com\/https:\/\/twitter.com\/Manuelcuellar\"],\"url\":\"https:\/\/vivancoculturadevino.es\/blog\/author\/manuel-cuellar\/\"}]}<\/script>\n<!-- \/ Yoast SEO plugin. -->","yoast_head_json":{"title":"La Rioja, un peque\u00f1o gran universo","description":"La Rioja es una joya escondida y Joerg Daiber la ha descubierto. Su v\u00eddeo Little La Rioja refleja la magia de esta tierra en formato tilt-shift y nos cuenta su experiencia.","robots":{"index":"index","follow":"follow","max-snippet":"max-snippet:-1","max-image-preview":"max-image-preview:large","max-video-preview":"max-video-preview:-1"},"canonical":"https:\/\/vivancoculturadevino.es\/blog\/2014\/07\/30\/rioja-pequeno-gran-universo\/","og_locale":"es_ES","og_type":"article","og_title":"La Rioja, un peque\u00f1o gran universo","og_description":"La Rioja es una joya escondida y Joerg Daiber la ha descubierto. Su v\u00eddeo Little La Rioja refleja la magia de esta tierra en formato tilt-shift y nos cuenta su experiencia.","og_url":"https:\/\/vivancoculturadevino.es\/blog\/2014\/07\/30\/rioja-pequeno-gran-universo\/","og_site_name":"Vivanco","article_author":"https:\/\/www.facebook.com\/ElAsombrario","article_published_time":"2014-07-30T14:20:28+00:00","article_modified_time":"2014-07-30T15:49:07+00:00","og_image":[{"width":1570,"height":593,"url":"https:\/\/vivancoculturadevino.es\/blog\/wp-content\/uploads\/2014\/07\/la-rioja-little-1.png","type":"image\/png"}],"author":"Manuel Cu\u00e9llar","twitter_card":"summary_large_image","twitter_creator":"@https:\/\/twitter.com\/Manuelcuellar","twitter_misc":{"Escrito por":"Manuel Cu\u00e9llar","Tiempo de lectura":"3 minutos"},"schema":{"@context":"https:\/\/schema.org","@graph":[{"@type":"Article","@id":"https:\/\/vivancoculturadevino.es\/blog\/2014\/07\/30\/rioja-pequeno-gran-universo\/#article","isPartOf":{"@id":"https:\/\/vivancoculturadevino.es\/blog\/2014\/07\/30\/rioja-pequeno-gran-universo\/"},"author":{"name":"Manuel Cu\u00e9llar","@id":"https:\/\/vivancoculturadevino.es\/blog\/#\/schema\/person\/f136e59d98f9f2a913718a3980bd396b"},"headline":"La Rioja, un peque\u00f1o gran universo","datePublished":"2014-07-30T14:20:28+00:00","dateModified":"2014-07-30T15:49:07+00:00","mainEntityOfPage":{"@id":"https:\/\/vivancoculturadevino.es\/blog\/2014\/07\/30\/rioja-pequeno-gran-universo\/"},"wordCount":675,"commentCount":1,"publisher":{"@id":"https:\/\/vivancoculturadevino.es\/blog\/#organization"},"image":{"@id":"https:\/\/vivancoculturadevino.es\/blog\/2014\/07\/30\/rioja-pequeno-gran-universo\/#primaryimage"},"thumbnailUrl":"https:\/\/vivancoculturadevino.es\/blog\/wp-content\/uploads\/2014\/07\/la-rioja-little-1.png","keywords":["cultura de vino","Joerg Daiber","La Rioja","tilt-shift","v\u00eddeo"],"articleSection":["Compartiendo","Vivanco"],"inLanguage":"es","potentialAction":[{"@type":"CommentAction","name":"Comment","target":["https:\/\/vivancoculturadevino.es\/blog\/2014\/07\/30\/rioja-pequeno-gran-universo\/#respond"]}]},{"@type":"WebPage","@id":"https:\/\/vivancoculturadevino.es\/blog\/2014\/07\/30\/rioja-pequeno-gran-universo\/","url":"https:\/\/vivancoculturadevino.es\/blog\/2014\/07\/30\/rioja-pequeno-gran-universo\/","name":"La Rioja, un peque\u00f1o gran universo","isPartOf":{"@id":"https:\/\/vivancoculturadevino.es\/blog\/#website"},"primaryImageOfPage":{"@id":"https:\/\/vivancoculturadevino.es\/blog\/2014\/07\/30\/rioja-pequeno-gran-universo\/#primaryimage"},"image":{"@id":"https:\/\/vivancoculturadevino.es\/blog\/2014\/07\/30\/rioja-pequeno-gran-universo\/#primaryimage"},"thumbnailUrl":"https:\/\/vivancoculturadevino.es\/blog\/wp-content\/uploads\/2014\/07\/la-rioja-little-1.png","datePublished":"2014-07-30T14:20:28+00:00","dateModified":"2014-07-30T15:49:07+00:00","description":"La Rioja es una joya escondida y Joerg Daiber la ha descubierto. Su v\u00eddeo Little La Rioja refleja la magia de esta tierra en formato tilt-shift y nos cuenta su experiencia.","breadcrumb":{"@id":"https:\/\/vivancoculturadevino.es\/blog\/2014\/07\/30\/rioja-pequeno-gran-universo\/#breadcrumb"},"inLanguage":"es","potentialAction":[{"@type":"ReadAction","target":["https:\/\/vivancoculturadevino.es\/blog\/2014\/07\/30\/rioja-pequeno-gran-universo\/"]}]},{"@type":"ImageObject","inLanguage":"es","@id":"https:\/\/vivancoculturadevino.es\/blog\/2014\/07\/30\/rioja-pequeno-gran-universo\/#primaryimage","url":"https:\/\/vivancoculturadevino.es\/blog\/wp-content\/uploads\/2014\/07\/la-rioja-little-1.png","contentUrl":"https:\/\/vivancoculturadevino.es\/blog\/wp-content\/uploads\/2014\/07\/la-rioja-little-1.png","width":1570,"height":593,"caption":"la-rioja-little-1"},{"@type":"BreadcrumbList","@id":"https:\/\/vivancoculturadevino.es\/blog\/2014\/07\/30\/rioja-pequeno-gran-universo\/#breadcrumb","itemListElement":[{"@type":"ListItem","position":1,"name":"Portada","item":"https:\/\/vivancoculturadevino.es\/blog\/"},{"@type":"ListItem","position":2,"name":"La Rioja, un peque\u00f1o gran universo"}]},{"@type":"WebSite","@id":"https:\/\/vivancoculturadevino.es\/blog\/#website","url":"https:\/\/vivancoculturadevino.es\/blog\/","name":"Vivanco","description":"Una familia y una pasi\u00f3n: Compartir la cultura del vino","publisher":{"@id":"https:\/\/vivancoculturadevino.es\/blog\/#organization"},"potentialAction":[{"@type":"SearchAction","target":{"@type":"EntryPoint","urlTemplate":"https:\/\/vivancoculturadevino.es\/blog\/?s={search_term_string}"},"query-input":{"@type":"PropertyValueSpecification","valueRequired":true,"valueName":"search_term_string"}}],"inLanguage":"es"},{"@type":"Organization","@id":"https:\/\/vivancoculturadevino.es\/blog\/#organization","name":"Vivanco","url":"https:\/\/vivancoculturadevino.es\/blog\/","logo":{"@type":"ImageObject","inLanguage":"es","@id":"https:\/\/vivancoculturadevino.es\/blog\/#\/schema\/logo\/image\/","url":"https:\/\/vivancoculturadevino.es\/blog\/wp-content\/uploads\/2026\/01\/Logo-blanco.svg","contentUrl":"https:\/\/vivancoculturadevino.es\/blog\/wp-content\/uploads\/2026\/01\/Logo-blanco.svg","width":134,"height":43,"caption":"Vivanco"},"image":{"@id":"https:\/\/vivancoculturadevino.es\/blog\/#\/schema\/logo\/image\/"}},{"@type":"Person","@id":"https:\/\/vivancoculturadevino.es\/blog\/#\/schema\/person\/f136e59d98f9f2a913718a3980bd396b","name":"Manuel Cu\u00e9llar","image":{"@type":"ImageObject","inLanguage":"es","@id":"https:\/\/vivancoculturadevino.es\/blog\/#\/schema\/person\/image\/","url":"https:\/\/secure.gravatar.com\/avatar\/6d3d56cd7666b977e2c4bd35dcb50bb4ea350fec32ec720eda065d540629ed73?s=96&d=mm&r=g","contentUrl":"https:\/\/secure.gravatar.com\/avatar\/6d3d56cd7666b977e2c4bd35dcb50bb4ea350fec32ec720eda065d540629ed73?s=96&d=mm&r=g","caption":"Manuel Cu\u00e9llar"},"description":"Licenciado en Derecho en la Universidad Aut\u00f3noma de Madrid, siempre supo que lo suyo era el periodismo. Curso de posgrado en la Escuela de Periodismo UAM\/EL PA\u00cdS. Trabaj\u00f3 durante m\u00e1s de 17 a\u00f1os en el diario ELPAIS donde se form\u00f3 como periodista todoterreno. Desde hace dos a\u00f1os edita la revista online cultural Elasombrario.com asociada a Eldiario.es","sameAs":["http:\/\/elasombrario.com\/","https:\/\/www.facebook.com\/ElAsombrario","https:\/\/x.com\/https:\/\/twitter.com\/Manuelcuellar"],"url":"https:\/\/vivancoculturadevino.es\/blog\/author\/manuel-cuellar\/"}]}},"_links":{"self":[{"href":"https:\/\/vivancoculturadevino.es\/blog\/wp-json\/wp\/v2\/posts\/162","targetHints":{"allow":["GET"]}}],"collection":[{"href":"https:\/\/vivancoculturadevino.es\/blog\/wp-json\/wp\/v2\/posts"}],"about":[{"href":"https:\/\/vivancoculturadevino.es\/blog\/wp-json\/wp\/v2\/types\/post"}],"author":[{"embeddable":true,"href":"https:\/\/vivancoculturadevino.es\/blog\/wp-json\/wp\/v2\/users\/3"}],"replies":[{"embeddable":true,"href":"https:\/\/vivancoculturadevino.es\/blog\/wp-json\/wp\/v2\/comments?post=162"}],"version-history":[{"count":18,"href":"https:\/\/vivancoculturadevino.es\/blog\/wp-json\/wp\/v2\/posts\/162\/revisions"}],"predecessor-version":[{"id":192,"href":"https:\/\/vivancoculturadevino.es\/blog\/wp-json\/wp\/v2\/posts\/162\/revisions\/192"}],"wp:featuredmedia":[{"embeddable":true,"href":"https:\/\/vivancoculturadevino.es\/blog\/wp-json\/wp\/v2\/media\/169"}],"wp:attachment":[{"href":"https:\/\/vivancoculturadevino.es\/blog\/wp-json\/wp\/v2\/media?parent=162"}],"wp:term":[{"taxonomy":"category","embeddable":true,"href":"https:\/\/vivancoculturadevino.es\/blog\/wp-json\/wp\/v2\/categories?post=162"},{"taxonomy":"post_tag","embeddable":true,"href":"https:\/\/vivancoculturadevino.es\/blog\/wp-json\/wp\/v2\/tags?post=162"}],"curies":[{"name":"wp","href":"https:\/\/api.w.org\/{rel}","templated":true}]}}