{"id":1537,"date":"2015-09-30T12:20:11","date_gmt":"2015-09-30T11:20:11","guid":{"rendered":"http:\/\/vivancoculturadevino.es\/blog\/?p=1537"},"modified":"2016-11-11T15:14:03","modified_gmt":"2016-11-11T14:14:03","slug":"paisajes-otonales-la-rioja","status":"publish","type":"post","link":"https:\/\/vivancoculturadevino.es\/blog\/2015\/09\/30\/paisajes-otonales-la-rioja\/","title":{"rendered":"10 paisajes oto\u00f1ales de ensue\u00f1o en La Rioja"},"content":{"rendered":"<p>El inicio del oto\u00f1o es uno de los mejores momentos para visitar La Rioja, no solo porque coincide con algunas fiestas de la vendimia m\u00e1s populares sino porque los parajes de la comunidad se ti\u00f1en de colores rojizos y ocres dando lugar a unas estampas impresionantes.<\/p>\n<p>Aqu\u00ed os dejamos 10 de los paisajes riojanos m\u00e1s cautivadores.<\/p>\n<h2><strong>Arenzana de Arriba<\/strong><\/h2>\n<p><a href=\"http:\/\/vivancoculturadevino.es\/blog\/wp-content\/uploads\/2015\/09\/Arenzana_arriba.jpg\"><img fetchpriority=\"high\" decoding=\"async\" width=\"1024\" height=\"682\" class=\"aligncenter size-large wp-image-1538\" src=\"\/\/vivancoculturadevino.es\/blog\/wp-content\/uploads\/2015\/09\/Arenzana_arriba-1024x682.jpg\" alt=\"Arenzana_arriba\" srcset=\"https:\/\/vivancoculturadevino.es\/blog\/wp-content\/uploads\/2015\/09\/Arenzana_arriba-1024x682.jpg 1024w, https:\/\/vivancoculturadevino.es\/blog\/wp-content\/uploads\/2015\/09\/Arenzana_arriba-300x200.jpg 300w\" sizes=\"(max-width: 1024px) 100vw, 1024px\" \/><\/a><\/p>\n<p>Esta instant\u00e1nea se tom\u00f3 a las afueras de Arenzana de Arriba, una peque\u00f1a localidad riojana de poco m\u00e1s de 30 habitantes situada en la comarca de N\u00e1jera. Los colores del oto\u00f1o est\u00e1n presentes en la poblaci\u00f3n, en cuya iglesia parroquial descansan los restos de San Ramiro, patrono del pueblo, cuyas fiestas se celebran durante el mes de septiembre.<\/p>\n<h2><strong>Badar\u00e1n<\/strong><\/h2>\n<p><a href=\"http:\/\/vivancoculturadevino.es\/blog\/wp-content\/uploads\/2015\/09\/Badaran.jpg\"><img decoding=\"async\" width=\"1024\" height=\"606\" class=\"aligncenter size-large wp-image-1539\" src=\"\/\/vivancoculturadevino.es\/blog\/wp-content\/uploads\/2015\/09\/Badaran-1024x606.jpg\" alt=\"Badaran\" srcset=\"https:\/\/vivancoculturadevino.es\/blog\/wp-content\/uploads\/2015\/09\/Badaran-1024x606.jpg 1024w, https:\/\/vivancoculturadevino.es\/blog\/wp-content\/uploads\/2015\/09\/Badaran-300x178.jpg 300w\" sizes=\"(max-width: 1024px) 100vw, 1024px\" \/><\/a><\/p>\n<p>Esta fotograf\u00eda es de los alrededores de Badar\u00e1n, en la Rioja Alta, un municipio situado dentro del Valle de San Mill\u00e1n, tambi\u00e9n llamado del R\u00edo C\u00e1rdenas. Se encuentra a una distancia de 37 kil\u00f3metros de la capital, <a href=\"http:\/\/vivancoculturadevino.es\/blog\/2015\/04\/28\/12-imprescindibles-logrono\/\" target=\"_blank\"><strong>Logro\u00f1o<\/strong><\/a>.<\/p>\n<h2><strong>Briones<\/strong><\/h2>\n<p><a href=\"http:\/\/vivancoculturadevino.es\/blog\/wp-content\/uploads\/2015\/09\/Briones.jpg\"><img decoding=\"async\" width=\"1024\" height=\"682\" class=\"aligncenter size-large wp-image-1540\" src=\"\/\/vivancoculturadevino.es\/blog\/wp-content\/uploads\/2015\/09\/Briones-1024x682.jpg\" alt=\"Briones\" srcset=\"https:\/\/vivancoculturadevino.es\/blog\/wp-content\/uploads\/2015\/09\/Briones-1024x682.jpg 1024w, https:\/\/vivancoculturadevino.es\/blog\/wp-content\/uploads\/2015\/09\/Briones-300x200.jpg 300w, https:\/\/vivancoculturadevino.es\/blog\/wp-content\/uploads\/2015\/09\/Briones.jpg 2000w\" sizes=\"(max-width: 1024px) 100vw, 1024px\" \/><\/a><\/p>\n<p>Esta maravillosa estampa oto\u00f1al es de Briones, cuyo casco urbano medieval est\u00e1 declarado conjunto hist\u00f3rico-art\u00edstico, con calles empedradas y rodeado de palacios y casas majestuosas. Situado justo en un meandro del r\u00edo Ebro y protegido de los vientos por la Cordillera Cant\u00e1brica, Briones es el hogar de <a href=\"http:\/\/www.vivancoculturadevino.es\/vivanco\/?tsource=tsCom&amp;utm_source=blog&amp;utm_medium=ba&amp;utm_campaign=riojaotono\" target=\"_blank\" rel=\"nofollow\">Vivanco<\/a>.<\/p>\n<h2><strong>Monasterio de Ca\u00f1as<\/strong><\/h2>\n<p><a href=\"http:\/\/vivancoculturadevino.es\/blog\/wp-content\/uploads\/2015\/09\/Monasterio_ca\u00f1as.jpg\"><img loading=\"lazy\" decoding=\"async\" width=\"1024\" height=\"683\" class=\"aligncenter size-large wp-image-1541\" src=\"\/\/vivancoculturadevino.es\/blog\/wp-content\/uploads\/2015\/09\/Monasterio_ca\u00f1as-1024x683.jpg\" alt=\"Monasterio_ca\u00f1as\" srcset=\"https:\/\/vivancoculturadevino.es\/blog\/wp-content\/uploads\/2015\/09\/Monasterio_ca\u00f1as-1024x683.jpg 1024w, https:\/\/vivancoculturadevino.es\/blog\/wp-content\/uploads\/2015\/09\/Monasterio_ca\u00f1as-300x200.jpg 300w\" sizes=\"(max-width: 1024px) 100vw, 1024px\" \/><\/a><\/p>\n<p>Esta evocadora imagen se hizo en el exterior del Monasterio de Ca\u00f1as, una de las primeras abad\u00edas cistercienses que se fundaron en Espa\u00f1a. La comunidad de monjas que todav\u00eda viven en el monasterio desde su fundaci\u00f3n se dedica al trabajo manual y a la oraci\u00f3n. Decoran porcelana, elaboran dulces, confeccionan rosarios y tienen una peque\u00f1a hospeder\u00eda.<\/p>\n<h2><strong>Cabecera del r\u00edo C\u00e1rdenas<\/strong><\/h2>\n<p><a href=\"http:\/\/vivancoculturadevino.es\/blog\/wp-content\/uploads\/2015\/09\/R\u00edo_Cardenas.jpg\"><img loading=\"lazy\" decoding=\"async\" width=\"1024\" height=\"608\" class=\"aligncenter size-large wp-image-1542\" src=\"\/\/vivancoculturadevino.es\/blog\/wp-content\/uploads\/2015\/09\/R\u00edo_Cardenas-1024x608.jpg\" alt=\"R\u00edo_Cardenas\" srcset=\"https:\/\/vivancoculturadevino.es\/blog\/wp-content\/uploads\/2015\/09\/R\u00edo_Cardenas-1024x608.jpg 1024w, https:\/\/vivancoculturadevino.es\/blog\/wp-content\/uploads\/2015\/09\/R\u00edo_Cardenas-300x178.jpg 300w\" sizes=\"(max-width: 1024px) 100vw, 1024px\" \/><\/a><\/p>\n<p>Esta fotograf\u00eda espectacular se realiz\u00f3 en el nacimiento del r\u00edo C\u00e1rdenas, muy pr\u00f3ximo a San Mill\u00e1n de la Cogolla. Muy cerca de aqu\u00ed se encuentra una ermita y la <strong>Cueva del Santo<\/strong> donde vivi\u00f3 San Mill\u00e1n de la Cogolla durante gran parte de su vida. Este camino est\u00e1 se\u00f1alizado y se trata de un sencillo paseo desde los Corrales de Urre.<\/p>\n<h2><strong>Hayedos riojanos <\/strong><\/h2>\n<p><a href=\"http:\/\/vivancoculturadevino.es\/blog\/wp-content\/uploads\/2015\/09\/Hayedo_oto\u00f1o.jpg\"><img loading=\"lazy\" decoding=\"async\" width=\"1024\" height=\"683\" class=\"aligncenter size-large wp-image-1543\" src=\"\/\/vivancoculturadevino.es\/blog\/wp-content\/uploads\/2015\/09\/Hayedo_oto\u00f1o-1024x683.jpg\" alt=\"Hayedo_oto\u00f1o\" srcset=\"https:\/\/vivancoculturadevino.es\/blog\/wp-content\/uploads\/2015\/09\/Hayedo_oto\u00f1o-1024x683.jpg 1024w, https:\/\/vivancoculturadevino.es\/blog\/wp-content\/uploads\/2015\/09\/Hayedo_oto\u00f1o-300x200.jpg 300w\" sizes=\"(max-width: 1024px) 100vw, 1024px\" \/><\/a><\/p>\n<p>En La Rioja hay varios hayedos espectaculares, siendo <strong>El Rajao<\/strong> uno de los m\u00e1s bellos. En oto\u00f1o estos bosques realizan un estallido de color por lo que no es raro que muchos excursionistas y visitantes se adentren en ellos para contemplar este espect\u00e1culo de la naturaleza.<\/p>\n<h2><strong>Vega del Najerilla<\/strong><\/h2>\n<p><a href=\"http:\/\/vivancoculturadevino.es\/blog\/wp-content\/uploads\/2015\/09\/Vega_Najerilla.jpg\"><img loading=\"lazy\" decoding=\"async\" width=\"1024\" height=\"682\" class=\"aligncenter size-large wp-image-1544\" src=\"\/\/vivancoculturadevino.es\/blog\/wp-content\/uploads\/2015\/09\/Vega_Najerilla-1024x682.jpg\" alt=\"Vega_Najerilla\" srcset=\"https:\/\/vivancoculturadevino.es\/blog\/wp-content\/uploads\/2015\/09\/Vega_Najerilla-1024x682.jpg 1024w, https:\/\/vivancoculturadevino.es\/blog\/wp-content\/uploads\/2015\/09\/Vega_Najerilla-300x200.jpg 300w\" sizes=\"(max-width: 1024px) 100vw, 1024px\" \/><\/a><\/p>\n<p>El oto\u00f1o es particularmente bello en la Vega del Najerilla. Este r\u00edo y sus afluentes forman un extenso valle que alinea en sus orillas algunas de las poblaciones m\u00e1s interesantes y con mayor historia de La Rioja.<\/p>\n<h2><strong>R\u00edo Oja<\/strong><\/h2>\n<p><a href=\"http:\/\/vivancoculturadevino.es\/blog\/wp-content\/uploads\/2015\/09\/R\u00edo_Oja.jpg\"><img loading=\"lazy\" decoding=\"async\" width=\"1024\" height=\"683\" class=\"aligncenter size-large wp-image-1545\" src=\"\/\/vivancoculturadevino.es\/blog\/wp-content\/uploads\/2015\/09\/R\u00edo_Oja-1024x683.jpg\" alt=\"R\u00edo_Oja\" srcset=\"https:\/\/vivancoculturadevino.es\/blog\/wp-content\/uploads\/2015\/09\/R\u00edo_Oja-1024x683.jpg 1024w, https:\/\/vivancoculturadevino.es\/blog\/wp-content\/uploads\/2015\/09\/R\u00edo_Oja-300x200.jpg 300w\" sizes=\"(max-width: 1024px) 100vw, 1024px\" \/><\/a><\/p>\n<p>Otro lugar cuyo valor paisaj\u00edstico es indiscutible es el que encontramos a lo largo del r\u00edo Oja, que seg\u00fan algunas teor\u00edas da nombre a la Comunidad de La <em>Rioja. <\/em>El tramo inicial del cauce hasta la localidad de <a href=\"http:\/\/vivancoculturadevino.es\/blog\/2015\/06\/05\/pueblos-la-rioja-encanto\/\" target=\"_blank\">Ezcaray<\/a>, enmarcado en la Sierra de la Demanda, est\u00e1 formado por barrancos y valles cuyas aguas mueren en el r\u00edo.<\/p>\n<h2><strong>Valle de Leza<\/strong><\/h2>\n<p><a href=\"http:\/\/vivancoculturadevino.es\/blog\/wp-content\/uploads\/2015\/09\/Valle_Leza.jpg\"><img loading=\"lazy\" decoding=\"async\" width=\"1024\" height=\"579\" class=\"aligncenter size-large wp-image-1546\" src=\"\/\/vivancoculturadevino.es\/blog\/wp-content\/uploads\/2015\/09\/Valle_Leza-1024x579.jpg\" alt=\"Valle_Leza\" srcset=\"https:\/\/vivancoculturadevino.es\/blog\/wp-content\/uploads\/2015\/09\/Valle_Leza-1024x579.jpg 1024w, https:\/\/vivancoculturadevino.es\/blog\/wp-content\/uploads\/2015\/09\/Valle_Leza-300x170.jpg 300w, https:\/\/vivancoculturadevino.es\/blog\/wp-content\/uploads\/2015\/09\/Valle_Leza-620x350.jpg 620w\" sizes=\"(max-width: 1024px) 100vw, 1024px\" \/><\/a><\/p>\n<p>El oto\u00f1o es especial en el Valle de Leza, que alberga numerosos pueblos y aldeas, bien conservadas y con un gran encanto, muestra de los numerosos pobladores con los que cont\u00f3 en \u00e9pocas pasadas. Uno de los elementos del paisaje lo constituyen las terrazas construidas a lo largo de los siglos para el cultivo de las escarpadas laderas.<\/p>\n<h2><strong>Vi\u00f1edos en San Vicente de Sonsierra<\/strong><\/h2>\n<p><a href=\"http:\/\/vivancoculturadevino.es\/blog\/wp-content\/uploads\/2015\/09\/Vi\u00f1edos_Sonsierra.jpg\"><img loading=\"lazy\" decoding=\"async\" width=\"1024\" height=\"683\" class=\"aligncenter size-large wp-image-1547\" src=\"\/\/vivancoculturadevino.es\/blog\/wp-content\/uploads\/2015\/09\/Vi\u00f1edos_Sonsierra-1024x683.jpg\" alt=\"Vi\u00f1edos_Sonsierra\" srcset=\"https:\/\/vivancoculturadevino.es\/blog\/wp-content\/uploads\/2015\/09\/Vi\u00f1edos_Sonsierra-1024x683.jpg 1024w, https:\/\/vivancoculturadevino.es\/blog\/wp-content\/uploads\/2015\/09\/Vi\u00f1edos_Sonsierra-300x200.jpg 300w\" sizes=\"(max-width: 1024px) 100vw, 1024px\" \/><\/a><\/p>\n<p>El color de los vi\u00f1edos en oto\u00f1o es inolvidable y forman uno de los paisajes m\u00e1s bellos que se pueden encontrar en nuestro pa\u00eds durante esa \u00e9poca del a\u00f1o. Las vi\u00f1as de la imagen se encuentran en el municipio de San Vicente de Sonsierra, al norte de la Comunidad Aut\u00f3noma. Vivanco cuenta en estas tierras con vi\u00f1edos de dos tipos de uvas: Tempranillo y Garnacha blanca.<\/p>\n<h2><strong>Uru\u00f1uela- Cenicero<\/strong><\/h2>\n<p><a href=\"http:\/\/vivancoculturadevino.es\/blog\/wp-content\/uploads\/2015\/09\/Uru\u00f1uela_Cenicero.jpg\"><img loading=\"lazy\" decoding=\"async\" width=\"1024\" height=\"683\" class=\"aligncenter size-large wp-image-1548\" src=\"\/\/vivancoculturadevino.es\/blog\/wp-content\/uploads\/2015\/09\/Uru\u00f1uela_Cenicero-1024x683.jpg\" alt=\"Uru\u00f1uela_Cenicero\" srcset=\"https:\/\/vivancoculturadevino.es\/blog\/wp-content\/uploads\/2015\/09\/Uru\u00f1uela_Cenicero-1024x683.jpg 1024w, https:\/\/vivancoculturadevino.es\/blog\/wp-content\/uploads\/2015\/09\/Uru\u00f1uela_Cenicero-300x200.jpg 300w\" sizes=\"(max-width: 1024px) 100vw, 1024px\" \/><\/a><\/p>\n<p>El \u00faltimo paisaje de ensue\u00f1o que os presentamos es este incre\u00edble atardecer en un paraje riojano situado entre Uru\u00f1uela y Cenicero.<\/p>\n<p>&nbsp;<\/p>\n<p>Y para vosotros, \u00bfcu\u00e1l es vuestro paisaje riojano preferido?<\/p>\n<p><strong>Im\u00e1genes: <a href=\"http:\/\/lariojaturismo.com\/comunidad\/larioja\" target=\"_blank\" rel=\"nofollow\">La Rioja Turismo<\/a><\/strong><\/p>\n<p>&nbsp;<\/p>\n","protected":false},"excerpt":{"rendered":"<p>Adem\u00e1s de las fiestas de la vendimia, en oto\u00f1o los visitantes de La Rioja podr\u00e1n disfrutar de los paisajes ocres y rojizos de los vi\u00f1edos. En este post te mostramos 10 de los m\u00e1s impresionantes.<\/p>\n","protected":false},"author":9,"featured_media":1542,"comment_status":"open","ping_status":"open","sticky":false,"template":"","format":"standard","meta":{"footnotes":"","_elementor_edit_mode":"","_elementor_template_type":"","_elementor_data":"","_elementor_page_settings":null,"_elementor_conditions":[]},"categories":[6],"tags":[169,37,168,167,73,97],"class_list":["post-1537","post","type-post","status-publish","format-standard","has-post-thumbnail","hentry","category-experiencias","tag-estampas","tag-la-rioja","tag-otono","tag-paisajes","tag-vendimia","tag-vinedos"],"yoast_head":"<!-- This site is optimized with the Yoast SEO plugin v26.8 - https:\/\/yoast.com\/product\/yoast-seo-wordpress\/ -->\n<title>10 paisajes oto\u00f1ales de ensue\u00f1o en La Rioja | Vivanco<\/title>\n<meta name=\"description\" content=\"El oto\u00f1o trae los mejores paisajes de vi\u00f1edos. Por ello es una de las mejores \u00e9pocas para visitar La Rioja y disfrutar adem\u00e1s de las fiestas de la vendimia.\" \/>\n<meta name=\"robots\" content=\"index, follow, max-snippet:-1, max-image-preview:large, max-video-preview:-1\" \/>\n<link rel=\"canonical\" href=\"https:\/\/vivancoculturadevino.es\/blog\/2015\/09\/30\/paisajes-otonales-la-rioja\/\" \/>\n<meta property=\"og:locale\" content=\"es_ES\" \/>\n<meta property=\"og:type\" content=\"article\" \/>\n<meta property=\"og:title\" content=\"10 paisajes oto\u00f1ales de ensue\u00f1o en La Rioja | Vivanco\" \/>\n<meta property=\"og:description\" content=\"El oto\u00f1o trae los mejores paisajes de vi\u00f1edos. Por ello es una de las mejores \u00e9pocas para visitar La Rioja y disfrutar adem\u00e1s de las fiestas de la vendimia.\" \/>\n<meta property=\"og:url\" content=\"https:\/\/vivancoculturadevino.es\/blog\/2015\/09\/30\/paisajes-otonales-la-rioja\/\" \/>\n<meta property=\"og:site_name\" content=\"Vivanco\" \/>\n<meta property=\"article:author\" content=\"https:\/\/www.facebook.com\/www.tusdestinos.net\" \/>\n<meta property=\"article:published_time\" content=\"2015-09-30T11:20:11+00:00\" \/>\n<meta property=\"article:modified_time\" content=\"2016-11-11T14:14:03+00:00\" \/>\n<meta property=\"og:image\" content=\"https:\/\/vivancoculturadevino.es\/blog\/wp-content\/uploads\/2015\/09\/R\u00edo_Cardenas.jpg\" \/>\n\t<meta property=\"og:image:width\" content=\"4890\" \/>\n\t<meta property=\"og:image:height\" content=\"2904\" \/>\n\t<meta property=\"og:image:type\" content=\"image\/jpeg\" \/>\n<meta name=\"author\" content=\"Mar\u00eda Jes\u00fas Tom\u00e9\" \/>\n<meta name=\"twitter:card\" content=\"summary_large_image\" \/>\n<meta name=\"twitter:creator\" content=\"@https:\/\/twitter.com\/tusdestinos\" \/>\n<meta name=\"twitter:label1\" content=\"Escrito por\" \/>\n\t<meta name=\"twitter:data1\" content=\"Mar\u00eda Jes\u00fas Tom\u00e9\" \/>\n\t<meta name=\"twitter:label2\" content=\"Tiempo de lectura\" \/>\n\t<meta name=\"twitter:data2\" content=\"4 minutos\" \/>\n<script type=\"application\/ld+json\" class=\"yoast-schema-graph\">{\"@context\":\"https:\/\/schema.org\",\"@graph\":[{\"@type\":\"Article\",\"@id\":\"https:\/\/vivancoculturadevino.es\/blog\/2015\/09\/30\/paisajes-otonales-la-rioja\/#article\",\"isPartOf\":{\"@id\":\"https:\/\/vivancoculturadevino.es\/blog\/2015\/09\/30\/paisajes-otonales-la-rioja\/\"},\"author\":{\"name\":\"Mar\u00eda Jes\u00fas Tom\u00e9\",\"@id\":\"https:\/\/vivancoculturadevino.es\/blog\/#\/schema\/person\/3bc49c76da77584a857b4d3fb91e5a2f\"},\"headline\":\"10 paisajes oto\u00f1ales de ensue\u00f1o en La Rioja\",\"datePublished\":\"2015-09-30T11:20:11+00:00\",\"dateModified\":\"2016-11-11T14:14:03+00:00\",\"mainEntityOfPage\":{\"@id\":\"https:\/\/vivancoculturadevino.es\/blog\/2015\/09\/30\/paisajes-otonales-la-rioja\/\"},\"wordCount\":725,\"commentCount\":1,\"publisher\":{\"@id\":\"https:\/\/vivancoculturadevino.es\/blog\/#organization\"},\"image\":{\"@id\":\"https:\/\/vivancoculturadevino.es\/blog\/2015\/09\/30\/paisajes-otonales-la-rioja\/#primaryimage\"},\"thumbnailUrl\":\"https:\/\/vivancoculturadevino.es\/blog\/wp-content\/uploads\/2015\/09\/R\u00edo_Cardenas.jpg\",\"keywords\":[\"estampas\",\"La Rioja\",\"oto\u00f1o\",\"paisajes\",\"vendimia\",\"vi\u00f1edos\"],\"articleSection\":[\"Compartiendo\"],\"inLanguage\":\"es\",\"potentialAction\":[{\"@type\":\"CommentAction\",\"name\":\"Comment\",\"target\":[\"https:\/\/vivancoculturadevino.es\/blog\/2015\/09\/30\/paisajes-otonales-la-rioja\/#respond\"]}]},{\"@type\":\"WebPage\",\"@id\":\"https:\/\/vivancoculturadevino.es\/blog\/2015\/09\/30\/paisajes-otonales-la-rioja\/\",\"url\":\"https:\/\/vivancoculturadevino.es\/blog\/2015\/09\/30\/paisajes-otonales-la-rioja\/\",\"name\":\"10 paisajes oto\u00f1ales de ensue\u00f1o en La Rioja | Vivanco\",\"isPartOf\":{\"@id\":\"https:\/\/vivancoculturadevino.es\/blog\/#website\"},\"primaryImageOfPage\":{\"@id\":\"https:\/\/vivancoculturadevino.es\/blog\/2015\/09\/30\/paisajes-otonales-la-rioja\/#primaryimage\"},\"image\":{\"@id\":\"https:\/\/vivancoculturadevino.es\/blog\/2015\/09\/30\/paisajes-otonales-la-rioja\/#primaryimage\"},\"thumbnailUrl\":\"https:\/\/vivancoculturadevino.es\/blog\/wp-content\/uploads\/2015\/09\/R\u00edo_Cardenas.jpg\",\"datePublished\":\"2015-09-30T11:20:11+00:00\",\"dateModified\":\"2016-11-11T14:14:03+00:00\",\"description\":\"El oto\u00f1o trae los mejores paisajes de vi\u00f1edos. Por ello es una de las mejores \u00e9pocas para visitar La Rioja y disfrutar adem\u00e1s de las fiestas de la vendimia.\",\"breadcrumb\":{\"@id\":\"https:\/\/vivancoculturadevino.es\/blog\/2015\/09\/30\/paisajes-otonales-la-rioja\/#breadcrumb\"},\"inLanguage\":\"es\",\"potentialAction\":[{\"@type\":\"ReadAction\",\"target\":[\"https:\/\/vivancoculturadevino.es\/blog\/2015\/09\/30\/paisajes-otonales-la-rioja\/\"]}]},{\"@type\":\"ImageObject\",\"inLanguage\":\"es\",\"@id\":\"https:\/\/vivancoculturadevino.es\/blog\/2015\/09\/30\/paisajes-otonales-la-rioja\/#primaryimage\",\"url\":\"https:\/\/vivancoculturadevino.es\/blog\/wp-content\/uploads\/2015\/09\/R\u00edo_Cardenas.jpg\",\"contentUrl\":\"https:\/\/vivancoculturadevino.es\/blog\/wp-content\/uploads\/2015\/09\/R\u00edo_Cardenas.jpg\",\"width\":4890,\"height\":2904},{\"@type\":\"BreadcrumbList\",\"@id\":\"https:\/\/vivancoculturadevino.es\/blog\/2015\/09\/30\/paisajes-otonales-la-rioja\/#breadcrumb\",\"itemListElement\":[{\"@type\":\"ListItem\",\"position\":1,\"name\":\"Portada\",\"item\":\"https:\/\/vivancoculturadevino.es\/blog\/\"},{\"@type\":\"ListItem\",\"position\":2,\"name\":\"10 paisajes oto\u00f1ales de ensue\u00f1o en La Rioja\"}]},{\"@type\":\"WebSite\",\"@id\":\"https:\/\/vivancoculturadevino.es\/blog\/#website\",\"url\":\"https:\/\/vivancoculturadevino.es\/blog\/\",\"name\":\"Vivanco\",\"description\":\"Una familia y una pasi\u00f3n: Compartir la cultura del vino\",\"publisher\":{\"@id\":\"https:\/\/vivancoculturadevino.es\/blog\/#organization\"},\"potentialAction\":[{\"@type\":\"SearchAction\",\"target\":{\"@type\":\"EntryPoint\",\"urlTemplate\":\"https:\/\/vivancoculturadevino.es\/blog\/?s={search_term_string}\"},\"query-input\":{\"@type\":\"PropertyValueSpecification\",\"valueRequired\":true,\"valueName\":\"search_term_string\"}}],\"inLanguage\":\"es\"},{\"@type\":\"Organization\",\"@id\":\"https:\/\/vivancoculturadevino.es\/blog\/#organization\",\"name\":\"Vivanco\",\"url\":\"https:\/\/vivancoculturadevino.es\/blog\/\",\"logo\":{\"@type\":\"ImageObject\",\"inLanguage\":\"es\",\"@id\":\"https:\/\/vivancoculturadevino.es\/blog\/#\/schema\/logo\/image\/\",\"url\":\"https:\/\/vivancoculturadevino.es\/blog\/wp-content\/uploads\/2026\/01\/Logo-blanco.svg\",\"contentUrl\":\"https:\/\/vivancoculturadevino.es\/blog\/wp-content\/uploads\/2026\/01\/Logo-blanco.svg\",\"width\":134,\"height\":43,\"caption\":\"Vivanco\"},\"image\":{\"@id\":\"https:\/\/vivancoculturadevino.es\/blog\/#\/schema\/logo\/image\/\"}},{\"@type\":\"Person\",\"@id\":\"https:\/\/vivancoculturadevino.es\/blog\/#\/schema\/person\/3bc49c76da77584a857b4d3fb91e5a2f\",\"name\":\"Mar\u00eda Jes\u00fas Tom\u00e9\",\"image\":{\"@type\":\"ImageObject\",\"inLanguage\":\"es\",\"@id\":\"https:\/\/vivancoculturadevino.es\/blog\/#\/schema\/person\/image\/\",\"url\":\"https:\/\/secure.gravatar.com\/avatar\/1c5ba5e3990bcbc814272709434c853853a009475c6b151b42d2ee0c7a911df5?s=96&d=mm&r=g\",\"contentUrl\":\"https:\/\/secure.gravatar.com\/avatar\/1c5ba5e3990bcbc814272709434c853853a009475c6b151b42d2ee0c7a911df5?s=96&d=mm&r=g\",\"caption\":\"Mar\u00eda Jes\u00fas Tom\u00e9\"},\"description\":\"Tusdestinos.net es una revista online de turismo y viajes donde se publican a diario art\u00edculos y reportajes de informaci\u00f3n tur\u00edstica nacional e internacional, viajes, gastronom\u00eda y tiempo libre. Es un portal web en el que se pueden encontrar reportajes y v\u00eddeos tur\u00edsticos dedicados a destinos nacionales e internacionales y hoteles, adem\u00e1s de art\u00edculos de ocio (arte, cultura, gastronom\u00eda...). La revista Tusdestinos.net apuesta por el formato audiovisual y por las redes sociales, por eso est\u00e1 presente en Youtube, Facebook y Twitter.\",\"sameAs\":[\"http:\/\/tusdestinos.net\/\",\"https:\/\/www.facebook.com\/www.tusdestinos.net\",\"https:\/\/x.com\/https:\/\/twitter.com\/tusdestinos\"],\"url\":\"https:\/\/vivancoculturadevino.es\/blog\/author\/maria-jesus-tome\/\"}]}<\/script>\n<!-- \/ Yoast SEO plugin. -->","yoast_head_json":{"title":"10 paisajes oto\u00f1ales de ensue\u00f1o en La Rioja | Vivanco","description":"El oto\u00f1o trae los mejores paisajes de vi\u00f1edos. Por ello es una de las mejores \u00e9pocas para visitar La Rioja y disfrutar adem\u00e1s de las fiestas de la vendimia.","robots":{"index":"index","follow":"follow","max-snippet":"max-snippet:-1","max-image-preview":"max-image-preview:large","max-video-preview":"max-video-preview:-1"},"canonical":"https:\/\/vivancoculturadevino.es\/blog\/2015\/09\/30\/paisajes-otonales-la-rioja\/","og_locale":"es_ES","og_type":"article","og_title":"10 paisajes oto\u00f1ales de ensue\u00f1o en La Rioja | Vivanco","og_description":"El oto\u00f1o trae los mejores paisajes de vi\u00f1edos. Por ello es una de las mejores \u00e9pocas para visitar La Rioja y disfrutar adem\u00e1s de las fiestas de la vendimia.","og_url":"https:\/\/vivancoculturadevino.es\/blog\/2015\/09\/30\/paisajes-otonales-la-rioja\/","og_site_name":"Vivanco","article_author":"https:\/\/www.facebook.com\/www.tusdestinos.net","article_published_time":"2015-09-30T11:20:11+00:00","article_modified_time":"2016-11-11T14:14:03+00:00","og_image":[{"width":4890,"height":2904,"url":"https:\/\/vivancoculturadevino.es\/blog\/wp-content\/uploads\/2015\/09\/R\u00edo_Cardenas.jpg","type":"image\/jpeg"}],"author":"Mar\u00eda Jes\u00fas Tom\u00e9","twitter_card":"summary_large_image","twitter_creator":"@https:\/\/twitter.com\/tusdestinos","twitter_misc":{"Escrito por":"Mar\u00eda Jes\u00fas Tom\u00e9","Tiempo de lectura":"4 minutos"},"schema":{"@context":"https:\/\/schema.org","@graph":[{"@type":"Article","@id":"https:\/\/vivancoculturadevino.es\/blog\/2015\/09\/30\/paisajes-otonales-la-rioja\/#article","isPartOf":{"@id":"https:\/\/vivancoculturadevino.es\/blog\/2015\/09\/30\/paisajes-otonales-la-rioja\/"},"author":{"name":"Mar\u00eda Jes\u00fas Tom\u00e9","@id":"https:\/\/vivancoculturadevino.es\/blog\/#\/schema\/person\/3bc49c76da77584a857b4d3fb91e5a2f"},"headline":"10 paisajes oto\u00f1ales de ensue\u00f1o en La Rioja","datePublished":"2015-09-30T11:20:11+00:00","dateModified":"2016-11-11T14:14:03+00:00","mainEntityOfPage":{"@id":"https:\/\/vivancoculturadevino.es\/blog\/2015\/09\/30\/paisajes-otonales-la-rioja\/"},"wordCount":725,"commentCount":1,"publisher":{"@id":"https:\/\/vivancoculturadevino.es\/blog\/#organization"},"image":{"@id":"https:\/\/vivancoculturadevino.es\/blog\/2015\/09\/30\/paisajes-otonales-la-rioja\/#primaryimage"},"thumbnailUrl":"https:\/\/vivancoculturadevino.es\/blog\/wp-content\/uploads\/2015\/09\/R\u00edo_Cardenas.jpg","keywords":["estampas","La Rioja","oto\u00f1o","paisajes","vendimia","vi\u00f1edos"],"articleSection":["Compartiendo"],"inLanguage":"es","potentialAction":[{"@type":"CommentAction","name":"Comment","target":["https:\/\/vivancoculturadevino.es\/blog\/2015\/09\/30\/paisajes-otonales-la-rioja\/#respond"]}]},{"@type":"WebPage","@id":"https:\/\/vivancoculturadevino.es\/blog\/2015\/09\/30\/paisajes-otonales-la-rioja\/","url":"https:\/\/vivancoculturadevino.es\/blog\/2015\/09\/30\/paisajes-otonales-la-rioja\/","name":"10 paisajes oto\u00f1ales de ensue\u00f1o en La Rioja | Vivanco","isPartOf":{"@id":"https:\/\/vivancoculturadevino.es\/blog\/#website"},"primaryImageOfPage":{"@id":"https:\/\/vivancoculturadevino.es\/blog\/2015\/09\/30\/paisajes-otonales-la-rioja\/#primaryimage"},"image":{"@id":"https:\/\/vivancoculturadevino.es\/blog\/2015\/09\/30\/paisajes-otonales-la-rioja\/#primaryimage"},"thumbnailUrl":"https:\/\/vivancoculturadevino.es\/blog\/wp-content\/uploads\/2015\/09\/R\u00edo_Cardenas.jpg","datePublished":"2015-09-30T11:20:11+00:00","dateModified":"2016-11-11T14:14:03+00:00","description":"El oto\u00f1o trae los mejores paisajes de vi\u00f1edos. Por ello es una de las mejores \u00e9pocas para visitar La Rioja y disfrutar adem\u00e1s de las fiestas de la vendimia.","breadcrumb":{"@id":"https:\/\/vivancoculturadevino.es\/blog\/2015\/09\/30\/paisajes-otonales-la-rioja\/#breadcrumb"},"inLanguage":"es","potentialAction":[{"@type":"ReadAction","target":["https:\/\/vivancoculturadevino.es\/blog\/2015\/09\/30\/paisajes-otonales-la-rioja\/"]}]},{"@type":"ImageObject","inLanguage":"es","@id":"https:\/\/vivancoculturadevino.es\/blog\/2015\/09\/30\/paisajes-otonales-la-rioja\/#primaryimage","url":"https:\/\/vivancoculturadevino.es\/blog\/wp-content\/uploads\/2015\/09\/R\u00edo_Cardenas.jpg","contentUrl":"https:\/\/vivancoculturadevino.es\/blog\/wp-content\/uploads\/2015\/09\/R\u00edo_Cardenas.jpg","width":4890,"height":2904},{"@type":"BreadcrumbList","@id":"https:\/\/vivancoculturadevino.es\/blog\/2015\/09\/30\/paisajes-otonales-la-rioja\/#breadcrumb","itemListElement":[{"@type":"ListItem","position":1,"name":"Portada","item":"https:\/\/vivancoculturadevino.es\/blog\/"},{"@type":"ListItem","position":2,"name":"10 paisajes oto\u00f1ales de ensue\u00f1o en La Rioja"}]},{"@type":"WebSite","@id":"https:\/\/vivancoculturadevino.es\/blog\/#website","url":"https:\/\/vivancoculturadevino.es\/blog\/","name":"Vivanco","description":"Una familia y una pasi\u00f3n: Compartir la cultura del vino","publisher":{"@id":"https:\/\/vivancoculturadevino.es\/blog\/#organization"},"potentialAction":[{"@type":"SearchAction","target":{"@type":"EntryPoint","urlTemplate":"https:\/\/vivancoculturadevino.es\/blog\/?s={search_term_string}"},"query-input":{"@type":"PropertyValueSpecification","valueRequired":true,"valueName":"search_term_string"}}],"inLanguage":"es"},{"@type":"Organization","@id":"https:\/\/vivancoculturadevino.es\/blog\/#organization","name":"Vivanco","url":"https:\/\/vivancoculturadevino.es\/blog\/","logo":{"@type":"ImageObject","inLanguage":"es","@id":"https:\/\/vivancoculturadevino.es\/blog\/#\/schema\/logo\/image\/","url":"https:\/\/vivancoculturadevino.es\/blog\/wp-content\/uploads\/2026\/01\/Logo-blanco.svg","contentUrl":"https:\/\/vivancoculturadevino.es\/blog\/wp-content\/uploads\/2026\/01\/Logo-blanco.svg","width":134,"height":43,"caption":"Vivanco"},"image":{"@id":"https:\/\/vivancoculturadevino.es\/blog\/#\/schema\/logo\/image\/"}},{"@type":"Person","@id":"https:\/\/vivancoculturadevino.es\/blog\/#\/schema\/person\/3bc49c76da77584a857b4d3fb91e5a2f","name":"Mar\u00eda Jes\u00fas Tom\u00e9","image":{"@type":"ImageObject","inLanguage":"es","@id":"https:\/\/vivancoculturadevino.es\/blog\/#\/schema\/person\/image\/","url":"https:\/\/secure.gravatar.com\/avatar\/1c5ba5e3990bcbc814272709434c853853a009475c6b151b42d2ee0c7a911df5?s=96&d=mm&r=g","contentUrl":"https:\/\/secure.gravatar.com\/avatar\/1c5ba5e3990bcbc814272709434c853853a009475c6b151b42d2ee0c7a911df5?s=96&d=mm&r=g","caption":"Mar\u00eda Jes\u00fas Tom\u00e9"},"description":"Tusdestinos.net es una revista online de turismo y viajes donde se publican a diario art\u00edculos y reportajes de informaci\u00f3n tur\u00edstica nacional e internacional, viajes, gastronom\u00eda y tiempo libre. Es un portal web en el que se pueden encontrar reportajes y v\u00eddeos tur\u00edsticos dedicados a destinos nacionales e internacionales y hoteles, adem\u00e1s de art\u00edculos de ocio (arte, cultura, gastronom\u00eda...). La revista Tusdestinos.net apuesta por el formato audiovisual y por las redes sociales, por eso est\u00e1 presente en Youtube, Facebook y Twitter.","sameAs":["http:\/\/tusdestinos.net\/","https:\/\/www.facebook.com\/www.tusdestinos.net","https:\/\/x.com\/https:\/\/twitter.com\/tusdestinos"],"url":"https:\/\/vivancoculturadevino.es\/blog\/author\/maria-jesus-tome\/"}]}},"_links":{"self":[{"href":"https:\/\/vivancoculturadevino.es\/blog\/wp-json\/wp\/v2\/posts\/1537","targetHints":{"allow":["GET"]}}],"collection":[{"href":"https:\/\/vivancoculturadevino.es\/blog\/wp-json\/wp\/v2\/posts"}],"about":[{"href":"https:\/\/vivancoculturadevino.es\/blog\/wp-json\/wp\/v2\/types\/post"}],"author":[{"embeddable":true,"href":"https:\/\/vivancoculturadevino.es\/blog\/wp-json\/wp\/v2\/users\/9"}],"replies":[{"embeddable":true,"href":"https:\/\/vivancoculturadevino.es\/blog\/wp-json\/wp\/v2\/comments?post=1537"}],"version-history":[{"count":5,"href":"https:\/\/vivancoculturadevino.es\/blog\/wp-json\/wp\/v2\/posts\/1537\/revisions"}],"predecessor-version":[{"id":2784,"href":"https:\/\/vivancoculturadevino.es\/blog\/wp-json\/wp\/v2\/posts\/1537\/revisions\/2784"}],"wp:featuredmedia":[{"embeddable":true,"href":"https:\/\/vivancoculturadevino.es\/blog\/wp-json\/wp\/v2\/media\/1542"}],"wp:attachment":[{"href":"https:\/\/vivancoculturadevino.es\/blog\/wp-json\/wp\/v2\/media?parent=1537"}],"wp:term":[{"taxonomy":"category","embeddable":true,"href":"https:\/\/vivancoculturadevino.es\/blog\/wp-json\/wp\/v2\/categories?post=1537"},{"taxonomy":"post_tag","embeddable":true,"href":"https:\/\/vivancoculturadevino.es\/blog\/wp-json\/wp\/v2\/tags?post=1537"}],"curies":[{"name":"wp","href":"https:\/\/api.w.org\/{rel}","templated":true}]}}