{"id":1467,"date":"2015-09-21T16:58:14","date_gmt":"2015-09-21T15:58:14","guid":{"rendered":"http:\/\/vivancoculturadevino.es\/blog\/?p=1467"},"modified":"2016-11-11T14:35:20","modified_gmt":"2016-11-11T13:35:20","slug":"uvas-misioneras","status":"publish","type":"post","link":"https:\/\/vivancoculturadevino.es\/blog\/2015\/09\/21\/uvas-misioneras\/","title":{"rendered":"Las uvas misioneras"},"content":{"rendered":"<p>\u201c\u00a1<em>Tierra a la vistaaaa!<\/em>\u201d, voceaba Rodrigo de Triana desde <em>La Ni\u00f1a<\/em>. El marinero sevillano, encaramado al palo mayor de la carabela, \u00bfestaba en sus cabales? Dos meses viendo s\u00f3lo cielo y mar -el tiempo transcurrido desde que la expedici\u00f3n, comandada por el almirante Crist\u00f3bal Col\u00f3n, saliera de Palos de la Frontera (Huelva)- hab\u00edan hundido la moral de la tripulaci\u00f3n. Pero Rodrigo de Triana no alucinaba. Esta vez no. A pocas brazas de <em>La Ni\u00f1a<\/em>, con el mar en calma, el ta\u00f1ido insistente de una peque\u00f1a campana amarrada a la cubierta de la Santa Mar\u00eda, la nave capitana, sobresaltaba a la mariner\u00eda en la madrugada del 12 de octubre de 1492. Era el anuncio de un nuevo mundo. Y aquel repique fren\u00e9tico de metal, el primer sonido del Descubrimiento&#8230; para los europeos, que los nativos ya lo conoc\u00edan.<\/p>\n<p>Desde aquel momento, y con las diferencias propias de una metr\u00f3poli y sus colonias, el flujo de productos que viajaban en ambos sentidos fue una constante: las patatas, el chocolate, el tabaco, los tomates o el ma\u00edz cruzaron el Atl\u00e1ntico para echar ra\u00edces en el viejo mundo; y en sentido contrario llegaron al nuevo mundo la ca\u00f1a de az\u00facar, el arroz, las naranjas, el trigo o <strong>el vino<\/strong>. Esto no significa que en Am\u00e9rica no hubiese alg\u00fan tipo de <strong>uva silvestre<\/strong> que incluso se pudiese utilizar para elaborar alg\u00fan brebaje, pero no la vid (<em>vitis vinifera<\/em>) con cuyos uvas se elabora el vino. Seg\u00fan la mayor\u00eda de las fuentes, el primer lugar donde <strong>comenz\u00f3 a cultivarse la <\/strong><em>v<strong>itis vinifera<\/strong><\/em><strong> fue <\/strong><strong>en M\u00e9xico por orden de Hern\u00e1n Cort\u00e9s.<\/strong><\/p>\n<p><a href=\"http:\/\/vivancoculturadevino.es\/blog\/wp-content\/uploads\/2015\/09\/uvas-negras-vi\u00f1edo-vino.jpg\" target=\"_blank\"><img fetchpriority=\"high\" decoding=\"async\" width=\"660\" height=\"440\" class=\"aligncenter size-full wp-image-1469\" src=\"\/\/vivancoculturadevino.es\/blog\/wp-content\/uploads\/2015\/09\/uvas-negras-vi\u00f1edo-vino.jpg\" alt=\"uvas negras vi\u00f1edo vino\" srcset=\"https:\/\/vivancoculturadevino.es\/blog\/wp-content\/uploads\/2015\/09\/uvas-negras-vi\u00f1edo-vino.jpg 660w, https:\/\/vivancoculturadevino.es\/blog\/wp-content\/uploads\/2015\/09\/uvas-negras-vi\u00f1edo-vino-300x200.jpg 300w\" sizes=\"(max-width: 660px) 100vw, 660px\" \/><\/a><\/p>\n<p>Junto a los exploradores, buscavidas, marineros y los soldados, llegaron al continente los otros conquistadores, aquellos de los que Eduardo Galeano dec\u00eda:<\/p>\n<p><em>Vinieron. Ellos ten\u00edan la Biblia y nosotros ten\u00edamos la tierra. Y nos dijeron: &#8220;Cierren los ojos y recen&#8221;. Y cuando abrimos los ojos, ellos ten\u00edan la tierra y nosotros ten\u00edamos la Biblia<\/em>\u201d<\/p>\n<p>En su aventura evangelizadora, los <strong>jesuitas<\/strong> se extendieron por todo el continente construyendo misiones donde convertir a las poblaciones nativas a la fe cat\u00f3lica. L\u00f3gicamente, <strong>para la celebraci\u00f3n de la eucarist\u00eda necesitaban disponer de vino<\/strong>, un bien preciado y escaso que deb\u00eda ser importado de Espa\u00f1a. De hecho, en aquella \u00e9poca el vino adem\u00e1s de para saciar la sed -era m\u00e1s seguro que beber agua-, se utilizaba con fines medicinales y como reconstituyente. As\u00ed que, los misioneros decidieron que una soluci\u00f3n, aunque a largo plazo pero que asegurar\u00eda el abastecimiento continuo y constante de vino, era plantar vides alrededor de las misiones y producir ellos mismos el vino lit\u00fargico sin depender de la metr\u00f3poli. De esta forma, <strong>los jesuitas primero<\/strong> y, tras su expulsi\u00f3n de todos los dominios de la corona de Espa\u00f1a por la Pragm\u00e1tica Sanci\u00f3n (1767),<strong>los franciscanos despu\u00e9s<\/strong>, se convirtieron en viticultores&#8230; para consumo propio.<\/p>\n<p style=\"text-align: center;\"><a href=\"http:\/\/vivancoculturadevino.es\/blog\/wp-content\/uploads\/2015\/09\/junipero-serra-monje-franciscano.jpg\" target=\"_blank\"><img decoding=\"async\" width=\"339\" height=\"400\" class=\"aligncenter size-full wp-image-1468\" src=\"\/\/vivancoculturadevino.es\/blog\/wp-content\/uploads\/2015\/09\/junipero-serra-monje-franciscano.jpg\" alt=\"junipero serra monje franciscano\" srcset=\"https:\/\/vivancoculturadevino.es\/blog\/wp-content\/uploads\/2015\/09\/junipero-serra-monje-franciscano.jpg 339w, https:\/\/vivancoculturadevino.es\/blog\/wp-content\/uploads\/2015\/09\/junipero-serra-monje-franciscano-254x300.jpg 254w, https:\/\/vivancoculturadevino.es\/blog\/wp-content\/uploads\/2015\/09\/junipero-serra-monje-franciscano-300x354.jpg 300w\" sizes=\"(max-width: 339px) 100vw, 339px\" \/><\/a><strong>Fray Jun\u00edpero Serra, franciscano natural de Petra, Mallorca, 1713 &#8211; 1784<\/strong><\/p>\n<p>Tras asumir los franciscanos, con fray Jun\u00edpero Serra al frente, el rol que hasta ahora ten\u00edan los jesuitas, en 1767 partieron de M\u00e9xico hacia el territorio de la <strong>Alta California<\/strong> (hoy comprende los estados de California, Nevada, Arizona y Utah en EEUU) acompa\u00f1ados de sus inseparables vides. En 1769 fund\u00f3 la Misi\u00f3n de San Diego de Alcal\u00e1 (hoy San Diego) y siguiendo hacia el norte el llamado Camino Real, la v\u00eda terrestre que un\u00eda las misiones de la Baja California (hoy estado de M\u00e9xico) con las de la Alta California, hasta llegar a la misi\u00f3n de San Francisco de As\u00eds (hoy San Francisco). En todas las misiones que se fundaron en esta ruta, nueve en vida de fray Jun\u00edpero, se plantaron vides alrededor de las misiones. As\u00ed que, se podr\u00eda considerar a <strong>fray Jun\u00edpero como el padre de los vinos de California<\/strong> (EEUU), hoy en d\u00eda unas de las zonas m\u00e1s productivas y con<strong> <a href=\"http:\/\/vivancoculturadevino.es\/blog\/2015\/04\/15\/fotografo-vino-millon-dolares\/\" target=\"_blank\">mejores vinos del mundo<\/a>.<\/strong> \u00a0A esta variedad que trajeron los franciscanos a EEUU desde M\u00e9xico se la llam\u00f3 <strong>uvas misioneras<\/strong>. Hoy en d\u00eda, apenas quedan algunos acres de esta variedad en California.<\/p>\n<p>Como curiosidad, fray Jun\u00edpero Serra es el \u00fanico espa\u00f1ol que tiene una estatua en el Capitolio de los Estados Unidos (Washington D.C.), donde est\u00e1n representados los personajes m\u00e1s ilustres y representativos de la naci\u00f3n. Todav\u00eda cobra m\u00e1s relevancia este hecho si recordamos que cada uno de los estados que conforman los EEUU s\u00f3lo tienen derecho a proponer dos nombres de personajes ilustres a quienes inmortalizar con un monumento&#8230; <strong>y California propuso a fray Jun\u00edpero<\/strong>.<\/p>\n","protected":false},"excerpt":{"rendered":"<p>\u00bfC\u00f3mo lleg\u00f3 el vino al continente americano? Te contamos la historia de las uvas misioneras y c\u00f3mo se introdujo el cultivo de la vid de la mano de los frailes espa\u00f1oles, como Fray Jun\u00edpero Serra.<\/p>\n","protected":false},"author":8,"featured_media":1468,"comment_status":"open","ping_status":"open","sticky":false,"template":"","format":"standard","meta":{"footnotes":"","_elementor_edit_mode":"","_elementor_template_type":"","_elementor_data":"","_elementor_page_settings":null,"_elementor_conditions":[]},"categories":[7],"tags":[161,162,163,160,159,4],"class_list":["post-1467","post","type-post","status-publish","format-standard","has-post-thumbnail","hentry","category-fundacion","tag-america","tag-colonialismo","tag-franciscanos","tag-misioneras","tag-uvas","tag-vino"],"yoast_head":"<!-- This site is optimized with the Yoast SEO plugin v26.8 - https:\/\/yoast.com\/product\/yoast-seo-wordpress\/ -->\n<title>Las uvas misioneras | Vivanco<\/title>\n<meta name=\"description\" content=\"\u00bfQu\u00e9 son las uvas misioneras? Te contamos la historia de la introducci\u00f3n del vino en Am\u00e9rica y el papel que ejerci\u00f3 el fraile franciscano Jun\u00edpero en ella.\" \/>\n<meta name=\"robots\" content=\"index, follow, max-snippet:-1, max-image-preview:large, max-video-preview:-1\" \/>\n<link rel=\"canonical\" href=\"https:\/\/vivancoculturadevino.es\/blog\/2015\/09\/21\/uvas-misioneras\/\" \/>\n<meta property=\"og:locale\" content=\"es_ES\" \/>\n<meta property=\"og:type\" content=\"article\" \/>\n<meta property=\"og:title\" content=\"Las uvas misioneras | Vivanco\" \/>\n<meta property=\"og:description\" content=\"\u00bfQu\u00e9 son las uvas misioneras? Te contamos la historia de la introducci\u00f3n del vino en Am\u00e9rica y el papel que ejerci\u00f3 el fraile franciscano Jun\u00edpero en ella.\" \/>\n<meta property=\"og:url\" content=\"https:\/\/vivancoculturadevino.es\/blog\/2015\/09\/21\/uvas-misioneras\/\" \/>\n<meta property=\"og:site_name\" content=\"Vivanco\" \/>\n<meta property=\"article:author\" content=\"https:\/\/www.facebook.com\/HistoriasdelaHistoria\" \/>\n<meta property=\"article:published_time\" content=\"2015-09-21T15:58:14+00:00\" \/>\n<meta property=\"article:modified_time\" content=\"2016-11-11T13:35:20+00:00\" \/>\n<meta property=\"og:image\" content=\"https:\/\/vivancoculturadevino.es\/blog\/wp-content\/uploads\/2015\/09\/junipero-serra-monje-franciscano.jpg\" \/>\n\t<meta property=\"og:image:width\" content=\"339\" \/>\n\t<meta property=\"og:image:height\" content=\"400\" \/>\n\t<meta property=\"og:image:type\" content=\"image\/jpeg\" \/>\n<meta name=\"author\" content=\"Javier Sanz\" \/>\n<meta name=\"twitter:card\" content=\"summary_large_image\" \/>\n<meta name=\"twitter:creator\" content=\"@https:\/\/twitter.com\/jsanz\" \/>\n<meta name=\"twitter:label1\" content=\"Escrito por\" \/>\n\t<meta name=\"twitter:data1\" content=\"Javier Sanz\" \/>\n\t<meta name=\"twitter:label2\" content=\"Tiempo de lectura\" \/>\n\t<meta name=\"twitter:data2\" content=\"4 minutos\" \/>\n<script type=\"application\/ld+json\" class=\"yoast-schema-graph\">{\"@context\":\"https:\/\/schema.org\",\"@graph\":[{\"@type\":\"Article\",\"@id\":\"https:\/\/vivancoculturadevino.es\/blog\/2015\/09\/21\/uvas-misioneras\/#article\",\"isPartOf\":{\"@id\":\"https:\/\/vivancoculturadevino.es\/blog\/2015\/09\/21\/uvas-misioneras\/\"},\"author\":{\"name\":\"Javier Sanz\",\"@id\":\"https:\/\/vivancoculturadevino.es\/blog\/#\/schema\/person\/8b9b698cff084699559378a8ebe12b8d\"},\"headline\":\"Las uvas misioneras\",\"datePublished\":\"2015-09-21T15:58:14+00:00\",\"dateModified\":\"2016-11-11T13:35:20+00:00\",\"mainEntityOfPage\":{\"@id\":\"https:\/\/vivancoculturadevino.es\/blog\/2015\/09\/21\/uvas-misioneras\/\"},\"wordCount\":812,\"commentCount\":2,\"publisher\":{\"@id\":\"https:\/\/vivancoculturadevino.es\/blog\/#organization\"},\"image\":{\"@id\":\"https:\/\/vivancoculturadevino.es\/blog\/2015\/09\/21\/uvas-misioneras\/#primaryimage\"},\"thumbnailUrl\":\"https:\/\/vivancoculturadevino.es\/blog\/wp-content\/uploads\/2015\/09\/junipero-serra-monje-franciscano.jpg\",\"keywords\":[\"Am\u00e9rica\",\"colonialismo\",\"franciscanos\",\"misioneras\",\"uvas\",\"vino\"],\"articleSection\":[\"Cultura\"],\"inLanguage\":\"es\",\"potentialAction\":[{\"@type\":\"CommentAction\",\"name\":\"Comment\",\"target\":[\"https:\/\/vivancoculturadevino.es\/blog\/2015\/09\/21\/uvas-misioneras\/#respond\"]}]},{\"@type\":\"WebPage\",\"@id\":\"https:\/\/vivancoculturadevino.es\/blog\/2015\/09\/21\/uvas-misioneras\/\",\"url\":\"https:\/\/vivancoculturadevino.es\/blog\/2015\/09\/21\/uvas-misioneras\/\",\"name\":\"Las uvas misioneras | Vivanco\",\"isPartOf\":{\"@id\":\"https:\/\/vivancoculturadevino.es\/blog\/#website\"},\"primaryImageOfPage\":{\"@id\":\"https:\/\/vivancoculturadevino.es\/blog\/2015\/09\/21\/uvas-misioneras\/#primaryimage\"},\"image\":{\"@id\":\"https:\/\/vivancoculturadevino.es\/blog\/2015\/09\/21\/uvas-misioneras\/#primaryimage\"},\"thumbnailUrl\":\"https:\/\/vivancoculturadevino.es\/blog\/wp-content\/uploads\/2015\/09\/junipero-serra-monje-franciscano.jpg\",\"datePublished\":\"2015-09-21T15:58:14+00:00\",\"dateModified\":\"2016-11-11T13:35:20+00:00\",\"description\":\"\u00bfQu\u00e9 son las uvas misioneras? Te contamos la historia de la introducci\u00f3n del vino en Am\u00e9rica y el papel que ejerci\u00f3 el fraile franciscano Jun\u00edpero en ella.\",\"breadcrumb\":{\"@id\":\"https:\/\/vivancoculturadevino.es\/blog\/2015\/09\/21\/uvas-misioneras\/#breadcrumb\"},\"inLanguage\":\"es\",\"potentialAction\":[{\"@type\":\"ReadAction\",\"target\":[\"https:\/\/vivancoculturadevino.es\/blog\/2015\/09\/21\/uvas-misioneras\/\"]}]},{\"@type\":\"ImageObject\",\"inLanguage\":\"es\",\"@id\":\"https:\/\/vivancoculturadevino.es\/blog\/2015\/09\/21\/uvas-misioneras\/#primaryimage\",\"url\":\"https:\/\/vivancoculturadevino.es\/blog\/wp-content\/uploads\/2015\/09\/junipero-serra-monje-franciscano.jpg\",\"contentUrl\":\"https:\/\/vivancoculturadevino.es\/blog\/wp-content\/uploads\/2015\/09\/junipero-serra-monje-franciscano.jpg\",\"width\":339,\"height\":400},{\"@type\":\"BreadcrumbList\",\"@id\":\"https:\/\/vivancoculturadevino.es\/blog\/2015\/09\/21\/uvas-misioneras\/#breadcrumb\",\"itemListElement\":[{\"@type\":\"ListItem\",\"position\":1,\"name\":\"Portada\",\"item\":\"https:\/\/vivancoculturadevino.es\/blog\/\"},{\"@type\":\"ListItem\",\"position\":2,\"name\":\"Las uvas misioneras\"}]},{\"@type\":\"WebSite\",\"@id\":\"https:\/\/vivancoculturadevino.es\/blog\/#website\",\"url\":\"https:\/\/vivancoculturadevino.es\/blog\/\",\"name\":\"Vivanco\",\"description\":\"Una familia y una pasi\u00f3n: Compartir la cultura del vino\",\"publisher\":{\"@id\":\"https:\/\/vivancoculturadevino.es\/blog\/#organization\"},\"potentialAction\":[{\"@type\":\"SearchAction\",\"target\":{\"@type\":\"EntryPoint\",\"urlTemplate\":\"https:\/\/vivancoculturadevino.es\/blog\/?s={search_term_string}\"},\"query-input\":{\"@type\":\"PropertyValueSpecification\",\"valueRequired\":true,\"valueName\":\"search_term_string\"}}],\"inLanguage\":\"es\"},{\"@type\":\"Organization\",\"@id\":\"https:\/\/vivancoculturadevino.es\/blog\/#organization\",\"name\":\"Vivanco\",\"url\":\"https:\/\/vivancoculturadevino.es\/blog\/\",\"logo\":{\"@type\":\"ImageObject\",\"inLanguage\":\"es\",\"@id\":\"https:\/\/vivancoculturadevino.es\/blog\/#\/schema\/logo\/image\/\",\"url\":\"https:\/\/vivancoculturadevino.es\/blog\/wp-content\/uploads\/2026\/01\/Logo-blanco.svg\",\"contentUrl\":\"https:\/\/vivancoculturadevino.es\/blog\/wp-content\/uploads\/2026\/01\/Logo-blanco.svg\",\"width\":134,\"height\":43,\"caption\":\"Vivanco\"},\"image\":{\"@id\":\"https:\/\/vivancoculturadevino.es\/blog\/#\/schema\/logo\/image\/\"}},{\"@type\":\"Person\",\"@id\":\"https:\/\/vivancoculturadevino.es\/blog\/#\/schema\/person\/8b9b698cff084699559378a8ebe12b8d\",\"name\":\"Javier Sanz\",\"image\":{\"@type\":\"ImageObject\",\"inLanguage\":\"es\",\"@id\":\"https:\/\/vivancoculturadevino.es\/blog\/#\/schema\/person\/image\/\",\"url\":\"https:\/\/secure.gravatar.com\/avatar\/a50fceb249b4111443d60ecf2777e8ac4b31d342734cfd7b97b36a8a32dbf3f8?s=96&d=mm&r=g\",\"contentUrl\":\"https:\/\/secure.gravatar.com\/avatar\/a50fceb249b4111443d60ecf2777e8ac4b31d342734cfd7b97b36a8a32dbf3f8?s=96&d=mm&r=g\",\"caption\":\"Javier Sanz\"},\"description\":\"Contador de historias a trav\u00e9s del blog, libros, colaboraciones en prensa y radio con la \u00fanica pretensi\u00f3n de acercar la historia de forma amena y entretenida a los que la dejaron de lado. Director de la revista digital e interactiva \\\"iHstoria\\\". Colaboraciones en el peri\u00f3dico Diario de Teruel, revista Iberia Vieja y revista Cl\u00edo. Colaboraciones en radio en La Rosa de los Vientos (Onda Cero), Gente Despierta (RNE) y La Noche es Nuestra (EuropaFM).\",\"sameAs\":[\"http:\/\/historiasdelahistoria.com\/\",\"https:\/\/www.facebook.com\/HistoriasdelaHistoria\",\"https:\/\/x.com\/https:\/\/twitter.com\/jsanz\"],\"url\":\"https:\/\/vivancoculturadevino.es\/blog\/author\/javier-sanz\/\"}]}<\/script>\n<!-- \/ Yoast SEO plugin. -->","yoast_head_json":{"title":"Las uvas misioneras | Vivanco","description":"\u00bfQu\u00e9 son las uvas misioneras? Te contamos la historia de la introducci\u00f3n del vino en Am\u00e9rica y el papel que ejerci\u00f3 el fraile franciscano Jun\u00edpero en ella.","robots":{"index":"index","follow":"follow","max-snippet":"max-snippet:-1","max-image-preview":"max-image-preview:large","max-video-preview":"max-video-preview:-1"},"canonical":"https:\/\/vivancoculturadevino.es\/blog\/2015\/09\/21\/uvas-misioneras\/","og_locale":"es_ES","og_type":"article","og_title":"Las uvas misioneras | Vivanco","og_description":"\u00bfQu\u00e9 son las uvas misioneras? Te contamos la historia de la introducci\u00f3n del vino en Am\u00e9rica y el papel que ejerci\u00f3 el fraile franciscano Jun\u00edpero en ella.","og_url":"https:\/\/vivancoculturadevino.es\/blog\/2015\/09\/21\/uvas-misioneras\/","og_site_name":"Vivanco","article_author":"https:\/\/www.facebook.com\/HistoriasdelaHistoria","article_published_time":"2015-09-21T15:58:14+00:00","article_modified_time":"2016-11-11T13:35:20+00:00","og_image":[{"width":339,"height":400,"url":"https:\/\/vivancoculturadevino.es\/blog\/wp-content\/uploads\/2015\/09\/junipero-serra-monje-franciscano.jpg","type":"image\/jpeg"}],"author":"Javier Sanz","twitter_card":"summary_large_image","twitter_creator":"@https:\/\/twitter.com\/jsanz","twitter_misc":{"Escrito por":"Javier Sanz","Tiempo de lectura":"4 minutos"},"schema":{"@context":"https:\/\/schema.org","@graph":[{"@type":"Article","@id":"https:\/\/vivancoculturadevino.es\/blog\/2015\/09\/21\/uvas-misioneras\/#article","isPartOf":{"@id":"https:\/\/vivancoculturadevino.es\/blog\/2015\/09\/21\/uvas-misioneras\/"},"author":{"name":"Javier Sanz","@id":"https:\/\/vivancoculturadevino.es\/blog\/#\/schema\/person\/8b9b698cff084699559378a8ebe12b8d"},"headline":"Las uvas misioneras","datePublished":"2015-09-21T15:58:14+00:00","dateModified":"2016-11-11T13:35:20+00:00","mainEntityOfPage":{"@id":"https:\/\/vivancoculturadevino.es\/blog\/2015\/09\/21\/uvas-misioneras\/"},"wordCount":812,"commentCount":2,"publisher":{"@id":"https:\/\/vivancoculturadevino.es\/blog\/#organization"},"image":{"@id":"https:\/\/vivancoculturadevino.es\/blog\/2015\/09\/21\/uvas-misioneras\/#primaryimage"},"thumbnailUrl":"https:\/\/vivancoculturadevino.es\/blog\/wp-content\/uploads\/2015\/09\/junipero-serra-monje-franciscano.jpg","keywords":["Am\u00e9rica","colonialismo","franciscanos","misioneras","uvas","vino"],"articleSection":["Cultura"],"inLanguage":"es","potentialAction":[{"@type":"CommentAction","name":"Comment","target":["https:\/\/vivancoculturadevino.es\/blog\/2015\/09\/21\/uvas-misioneras\/#respond"]}]},{"@type":"WebPage","@id":"https:\/\/vivancoculturadevino.es\/blog\/2015\/09\/21\/uvas-misioneras\/","url":"https:\/\/vivancoculturadevino.es\/blog\/2015\/09\/21\/uvas-misioneras\/","name":"Las uvas misioneras | Vivanco","isPartOf":{"@id":"https:\/\/vivancoculturadevino.es\/blog\/#website"},"primaryImageOfPage":{"@id":"https:\/\/vivancoculturadevino.es\/blog\/2015\/09\/21\/uvas-misioneras\/#primaryimage"},"image":{"@id":"https:\/\/vivancoculturadevino.es\/blog\/2015\/09\/21\/uvas-misioneras\/#primaryimage"},"thumbnailUrl":"https:\/\/vivancoculturadevino.es\/blog\/wp-content\/uploads\/2015\/09\/junipero-serra-monje-franciscano.jpg","datePublished":"2015-09-21T15:58:14+00:00","dateModified":"2016-11-11T13:35:20+00:00","description":"\u00bfQu\u00e9 son las uvas misioneras? Te contamos la historia de la introducci\u00f3n del vino en Am\u00e9rica y el papel que ejerci\u00f3 el fraile franciscano Jun\u00edpero en ella.","breadcrumb":{"@id":"https:\/\/vivancoculturadevino.es\/blog\/2015\/09\/21\/uvas-misioneras\/#breadcrumb"},"inLanguage":"es","potentialAction":[{"@type":"ReadAction","target":["https:\/\/vivancoculturadevino.es\/blog\/2015\/09\/21\/uvas-misioneras\/"]}]},{"@type":"ImageObject","inLanguage":"es","@id":"https:\/\/vivancoculturadevino.es\/blog\/2015\/09\/21\/uvas-misioneras\/#primaryimage","url":"https:\/\/vivancoculturadevino.es\/blog\/wp-content\/uploads\/2015\/09\/junipero-serra-monje-franciscano.jpg","contentUrl":"https:\/\/vivancoculturadevino.es\/blog\/wp-content\/uploads\/2015\/09\/junipero-serra-monje-franciscano.jpg","width":339,"height":400},{"@type":"BreadcrumbList","@id":"https:\/\/vivancoculturadevino.es\/blog\/2015\/09\/21\/uvas-misioneras\/#breadcrumb","itemListElement":[{"@type":"ListItem","position":1,"name":"Portada","item":"https:\/\/vivancoculturadevino.es\/blog\/"},{"@type":"ListItem","position":2,"name":"Las uvas misioneras"}]},{"@type":"WebSite","@id":"https:\/\/vivancoculturadevino.es\/blog\/#website","url":"https:\/\/vivancoculturadevino.es\/blog\/","name":"Vivanco","description":"Una familia y una pasi\u00f3n: Compartir la cultura del vino","publisher":{"@id":"https:\/\/vivancoculturadevino.es\/blog\/#organization"},"potentialAction":[{"@type":"SearchAction","target":{"@type":"EntryPoint","urlTemplate":"https:\/\/vivancoculturadevino.es\/blog\/?s={search_term_string}"},"query-input":{"@type":"PropertyValueSpecification","valueRequired":true,"valueName":"search_term_string"}}],"inLanguage":"es"},{"@type":"Organization","@id":"https:\/\/vivancoculturadevino.es\/blog\/#organization","name":"Vivanco","url":"https:\/\/vivancoculturadevino.es\/blog\/","logo":{"@type":"ImageObject","inLanguage":"es","@id":"https:\/\/vivancoculturadevino.es\/blog\/#\/schema\/logo\/image\/","url":"https:\/\/vivancoculturadevino.es\/blog\/wp-content\/uploads\/2026\/01\/Logo-blanco.svg","contentUrl":"https:\/\/vivancoculturadevino.es\/blog\/wp-content\/uploads\/2026\/01\/Logo-blanco.svg","width":134,"height":43,"caption":"Vivanco"},"image":{"@id":"https:\/\/vivancoculturadevino.es\/blog\/#\/schema\/logo\/image\/"}},{"@type":"Person","@id":"https:\/\/vivancoculturadevino.es\/blog\/#\/schema\/person\/8b9b698cff084699559378a8ebe12b8d","name":"Javier Sanz","image":{"@type":"ImageObject","inLanguage":"es","@id":"https:\/\/vivancoculturadevino.es\/blog\/#\/schema\/person\/image\/","url":"https:\/\/secure.gravatar.com\/avatar\/a50fceb249b4111443d60ecf2777e8ac4b31d342734cfd7b97b36a8a32dbf3f8?s=96&d=mm&r=g","contentUrl":"https:\/\/secure.gravatar.com\/avatar\/a50fceb249b4111443d60ecf2777e8ac4b31d342734cfd7b97b36a8a32dbf3f8?s=96&d=mm&r=g","caption":"Javier Sanz"},"description":"Contador de historias a trav\u00e9s del blog, libros, colaboraciones en prensa y radio con la \u00fanica pretensi\u00f3n de acercar la historia de forma amena y entretenida a los que la dejaron de lado. Director de la revista digital e interactiva \"iHstoria\". Colaboraciones en el peri\u00f3dico Diario de Teruel, revista Iberia Vieja y revista Cl\u00edo. Colaboraciones en radio en La Rosa de los Vientos (Onda Cero), Gente Despierta (RNE) y La Noche es Nuestra (EuropaFM).","sameAs":["http:\/\/historiasdelahistoria.com\/","https:\/\/www.facebook.com\/HistoriasdelaHistoria","https:\/\/x.com\/https:\/\/twitter.com\/jsanz"],"url":"https:\/\/vivancoculturadevino.es\/blog\/author\/javier-sanz\/"}]}},"_links":{"self":[{"href":"https:\/\/vivancoculturadevino.es\/blog\/wp-json\/wp\/v2\/posts\/1467","targetHints":{"allow":["GET"]}}],"collection":[{"href":"https:\/\/vivancoculturadevino.es\/blog\/wp-json\/wp\/v2\/posts"}],"about":[{"href":"https:\/\/vivancoculturadevino.es\/blog\/wp-json\/wp\/v2\/types\/post"}],"author":[{"embeddable":true,"href":"https:\/\/vivancoculturadevino.es\/blog\/wp-json\/wp\/v2\/users\/8"}],"replies":[{"embeddable":true,"href":"https:\/\/vivancoculturadevino.es\/blog\/wp-json\/wp\/v2\/comments?post=1467"}],"version-history":[{"count":4,"href":"https:\/\/vivancoculturadevino.es\/blog\/wp-json\/wp\/v2\/posts\/1467\/revisions"}],"predecessor-version":[{"id":2774,"href":"https:\/\/vivancoculturadevino.es\/blog\/wp-json\/wp\/v2\/posts\/1467\/revisions\/2774"}],"wp:featuredmedia":[{"embeddable":true,"href":"https:\/\/vivancoculturadevino.es\/blog\/wp-json\/wp\/v2\/media\/1468"}],"wp:attachment":[{"href":"https:\/\/vivancoculturadevino.es\/blog\/wp-json\/wp\/v2\/media?parent=1467"}],"wp:term":[{"taxonomy":"category","embeddable":true,"href":"https:\/\/vivancoculturadevino.es\/blog\/wp-json\/wp\/v2\/categories?post=1467"},{"taxonomy":"post_tag","embeddable":true,"href":"https:\/\/vivancoculturadevino.es\/blog\/wp-json\/wp\/v2\/tags?post=1467"}],"curies":[{"name":"wp","href":"https:\/\/api.w.org\/{rel}","templated":true}]}}