{"id":1454,"date":"2015-09-16T12:55:55","date_gmt":"2015-09-16T11:55:55","guid":{"rendered":"http:\/\/vivancoculturadevino.es\/blog\/?p=1454"},"modified":"2016-11-11T15:19:00","modified_gmt":"2016-11-11T14:19:00","slug":"lo-mejor-fiestas-san-mateo-logrono","status":"publish","type":"post","link":"https:\/\/vivancoculturadevino.es\/blog\/2015\/09\/16\/lo-mejor-fiestas-san-mateo-logrono\/","title":{"rendered":"Lo mejor de las fiestas de San Mateo en Logro\u00f1o"},"content":{"rendered":"<p>Un a\u00f1o m\u00e1s llegan las Fiestas de San Mateo, las m\u00e1s importantes de la ciudad de <a href=\"http:\/\/vivancoculturadevino.es\/blog\/2015\/04\/28\/12-imprescindibles-logrono\/\" target=\"_blank\">Logro\u00f1o<\/a>\u00a0y de toda La Rioja y en las que tiene una importancia capital la actividad de la vendimia. Las de San Mateo son unas fiestas de tradici\u00f3n, de folklore riojano y, posiblemente, el evento cultural m\u00e1s importante de la regi\u00f3n. Una magn\u00edfica excusa para conocer La Rioja, disfrutar de las actividades que se realizan con motivo de esta festividad y, como no, para disfrutar del buen vino.<\/p>\n<p><a href=\"http:\/\/vivancoculturadevino.es\/blog\/wp-content\/uploads\/2015\/09\/Programa_2015.jpg\"><img fetchpriority=\"high\" decoding=\"async\" width=\"642\" height=\"900\" class=\"aligncenter size-full wp-image-1455\" src=\"\/\/vivancoculturadevino.es\/blog\/wp-content\/uploads\/2015\/09\/Programa_2015.jpg\" alt=\"Programa_2015\" srcset=\"https:\/\/vivancoculturadevino.es\/blog\/wp-content\/uploads\/2015\/09\/Programa_2015.jpg 642w, https:\/\/vivancoculturadevino.es\/blog\/wp-content\/uploads\/2015\/09\/Programa_2015-214x300.jpg 214w, https:\/\/vivancoculturadevino.es\/blog\/wp-content\/uploads\/2015\/09\/Programa_2015-300x421.jpg 300w\" sizes=\"(max-width: 642px) 100vw, 642px\" \/><\/a><\/p>\n<p>&nbsp;<\/p>\n<h2><strong>ORIGEN DE LAS FIESTAS<\/strong><\/h2>\n<p>Las Fiestas de San Mateo en Logro\u00f1o, en la semana del 21 de septiembre, tienen su origen all\u00e1 por el siglo XII. Por aquel entonces se le concedi\u00f3 la categor\u00eda de villa. Hecho que, junto con su buen posicionamiento en el paso del Camino de Santiago, convirtieron a la ciudad en centro de referencia del comercio de la \u00e9poca. Tambi\u00e9n conocidas como Fiestas de la Vendimia, por su vinculaci\u00f3n a las labores de labranza y por marcar el inicio de esta actividad tan importante para los riojanos, en la actualidad est\u00e1n declaradas como Fiestas de Inter\u00e9s Tur\u00edstico Nacional.<\/p>\n<p>Con el paso de los a\u00f1os, las Fiestas de San Mateo han ido aglutinando una mayor cantidad de eventos culturales, reuniendo m\u00faltiples disciplinas. Durante estos d\u00edas, la ciudad de Logro\u00f1o acoge conciertos y otros actos culturales, eventos deportivos, toros y un sinf\u00edn de <a href=\"http:\/\/www.vivancoculturadevino.es\/vivanco\/?tsource=tsCom\" target=\"_blank\">actividades vinculadas a la cultura del vino<\/a>. Para conocer mejor estas fiestas, haremos un breve repaso de las actividades m\u00e1s destacadas del <strong><a href=\"http:\/\/www.xn--logroo-0wa.es\/wps\/wcm\/connect\/6edd4e0045a3e2349faddfc1dfa7988b\/2015.+Programa+San+Mateo.pdf?MOD=AJPERES&amp;CONVERT_TO=url&amp;CACHEID=6edd4e0045a3e2349faddfc1dfa7988b\" target=\"_blank\" rel=\"nofollow\">Programa de Fiestas de San Mateo 2015<\/a>.<\/strong><\/p>\n<p><a href=\"http:\/\/vivancoculturadevino.es\/blog\/wp-content\/uploads\/2015\/09\/Chorro_vino.jpg\"><img decoding=\"async\" width=\"1024\" height=\"682\" class=\"aligncenter size-large wp-image-1456\" src=\"\/\/vivancoculturadevino.es\/blog\/wp-content\/uploads\/2015\/09\/Chorro_vino-1024x682.jpg\" alt=\"Chorro_vino\" srcset=\"https:\/\/vivancoculturadevino.es\/blog\/wp-content\/uploads\/2015\/09\/Chorro_vino-1024x682.jpg 1024w, https:\/\/vivancoculturadevino.es\/blog\/wp-content\/uploads\/2015\/09\/Chorro_vino-300x200.jpg 300w, https:\/\/vivancoculturadevino.es\/blog\/wp-content\/uploads\/2015\/09\/Chorro_vino.jpg 2000w\" sizes=\"(max-width: 1024px) 100vw, 1024px\" \/><\/a><\/p>\n<h2><strong>IMPRESCINDIBLES<\/strong><\/h2>\n<p>Aunque las Fiestas de San Mateo comienzan este a\u00f1o el d\u00eda 20 de forma oficial, la ciudad de Logro\u00f1o se vuelca con esta celebraci\u00f3n y el programa contempla actividades desde el ya pasado d\u00eda 12. Entre la amplia oferta cultural de estos d\u00edas, hay una serie de eventos imprescindibles, que llevan el peso de la tradici\u00f3n y de la identidad de la festividad de San Mateo. No nos podemos perder:<\/p>\n<ul>\n<li>El <strong>disparo del cohete<\/strong> desde el balc\u00f3n del Ayuntamiento marca el inicio oficial de las celebraciones. Antes, la alcaldesa y los Vendimiadores Mayores de las fiestas dan el discurso inaugural. (Domingo 20 de septiembre).<\/li>\n<\/ul>\n<ul>\n<li><strong>Pisado de la uva y ofrenda del primer mosto a la Virgen de la Valvanera.<\/strong> (Lunes 21 de septiembre).<\/li>\n<\/ul>\n<p><a href=\"http:\/\/vivancoculturadevino.es\/blog\/wp-content\/uploads\/2015\/09\/Virgen_Valvanera.jpg\"><img decoding=\"async\" width=\"1024\" height=\"768\" class=\"aligncenter size-large wp-image-1457\" src=\"\/\/vivancoculturadevino.es\/blog\/wp-content\/uploads\/2015\/09\/Virgen_Valvanera-1024x768.jpg\" alt=\"Virgen_Valvanera\" srcset=\"https:\/\/vivancoculturadevino.es\/blog\/wp-content\/uploads\/2015\/09\/Virgen_Valvanera-1024x768.jpg 1024w, https:\/\/vivancoculturadevino.es\/blog\/wp-content\/uploads\/2015\/09\/Virgen_Valvanera-300x225.jpg 300w, https:\/\/vivancoculturadevino.es\/blog\/wp-content\/uploads\/2015\/09\/Virgen_Valvanera.jpg 1600w\" sizes=\"(max-width: 1024px) 100vw, 1024px\" \/><\/a><\/p>\n<p style=\"text-align: center;\"><strong>Virgen de la Valvanera en las Fiestas de San Mateo. Autor: Jynus<\/strong><\/p>\n<ul>\n<li>Visita a los Durante todas las ferias pueden visitarse los chamizos, lugares habilitados por las diferentes pe\u00f1as y agrupaciones vecinales en los que podremos degustar el zurracapote, una bebida t\u00edpica de La Rioja similar a la sangr\u00eda.<\/li>\n<\/ul>\n<ul>\n<li><strong>Desfile de carrozas, pe\u00f1as, grupos folkl\u00f3ricos y bandas de m\u00fasica.<\/strong> (Viernes 25 de septiembre).<\/li>\n<\/ul>\n<ul>\n<li><strong>Quema de la cuba.<\/strong> Marca el final de las fiestas de San Mateo y la despedida hasta el a\u00f1o pr\u00f3ximo. (S\u00e1bado 26 de septiembre).<\/li>\n<\/ul>\n<ul>\n<li><strong>Concurso Internacional de Fuegos Artificiales. <\/strong>Es una de las tradiciones m\u00e1s recientes de las fiestas de San Mateo. Cumple este a\u00f1o su IX edici\u00f3n, en la que a lo largo de varias noches, diferentes compa\u00f1\u00edas pirot\u00e9cnicas competir\u00e1n por ofrecer el mejor espect\u00e1culo de fuegos artificiales a los visitantes.<\/li>\n<\/ul>\n<h2><strong>ACTOS CULTURALES<\/strong><\/h2>\n<p>Las Fiestas de la Vendimia son una celebraci\u00f3n de la cultura, de la riojana y de la del resto de lugares de Espa\u00f1a y del mundo. Son innumerables la cantidad de actividades, exposiciones, ferias o talleres a las que podemos asistir durante estas fiestas. Como muestra, destacamos:<\/p>\n<ul>\n<li><strong>XXXII Feria Nacional de Cer\u00e1mica y Alfarer\u00eda<\/strong><\/li>\n<li><strong>Muestra de Casas Regionales<\/strong><\/li>\n<li><strong>Exhibiciones y talleres de circo<\/strong><\/li>\n<li><strong>Pasacalles<\/strong><\/li>\n<li><strong>I Festival Internacional de Cortometrajes sobre Gastronom\u00eda y Vino \u201cWin5 Festival\u201d<\/strong><\/li>\n<\/ul>\n<h2><strong>GASTRONOM\u00cdA<\/strong><\/h2>\n<p>El gastron\u00f3mico es otro de los ejes fundamentales de estas fiestas. En una tierra de buen comer como La Rioja, no pod\u00eda faltar una oferta gastron\u00f3mica a la altura. Durante estos d\u00edas se organizan varios festivales gastron\u00f3micos y es posible disfrutar de las degustaciones de platos tradicionales riojanos que ofrecen las pe\u00f1as y chamizos. No puede faltar tampoco la visita a <a href=\"http:\/\/vivancoculturadevino.es\/blog\/2014\/09\/24\/calle-laurel-para-comersela\/\" target=\"_blank\">\u201cLa Laurel\u201d<\/a>, la zona de pinchos m\u00e1s emblem\u00e1tica de Logro\u00f1o, perfecta para tomar un aperitivo a cualquier hora del d\u00eda. Destacamos tambi\u00e9n la celebraci\u00f3n de la <strong>Semana Gastron\u00f3mica<\/strong>.<\/p>\n<h2><strong>DEPORTES<\/strong><\/h2>\n<p>Las fiestas de San Mateo re\u00fanen tambi\u00e9n multitud de eventos deportivos. Podremos disfrutar de partidos de f\u00fatbol, baloncesto, balonmano, voleibol, torneos de padel, frontenis o golf e incluso de la segunda edici\u00f3n de la <strong>Marat\u00f3n Ciudad de Logro\u00f1o<\/strong>. Entre los eventos m\u00e1s importantes est\u00e1n, por su vinculaci\u00f3n a la tradici\u00f3n deportiva de La Rioja, la celebraci\u00f3n diferentes torneos y partidos profesionales de <strong>pelota mano<\/strong>.<\/p>\n<p><a href=\"http:\/\/vivancoculturadevino.es\/blog\/wp-content\/uploads\/2015\/09\/Pelota_mano.jpg\"><img loading=\"lazy\" decoding=\"async\" width=\"683\" height=\"1024\" class=\"aligncenter size-large wp-image-1458\" src=\"\/\/vivancoculturadevino.es\/blog\/wp-content\/uploads\/2015\/09\/Pelota_mano-683x1024.jpg\" alt=\"Pelota_mano\" srcset=\"https:\/\/vivancoculturadevino.es\/blog\/wp-content\/uploads\/2015\/09\/Pelota_mano-683x1024.jpg 683w, https:\/\/vivancoculturadevino.es\/blog\/wp-content\/uploads\/2015\/09\/Pelota_mano-200x300.jpg 200w, https:\/\/vivancoculturadevino.es\/blog\/wp-content\/uploads\/2015\/09\/Pelota_mano-300x450.jpg 300w, https:\/\/vivancoculturadevino.es\/blog\/wp-content\/uploads\/2015\/09\/Pelota_mano.jpg 1400w\" sizes=\"(max-width: 683px) 100vw, 683px\" \/><\/a><\/p>\n<p style=\"text-align: center;\"><strong>Autor: Arquitextonica<\/strong><\/p>\n<h2><strong>TOROS<\/strong><\/h2>\n<p>Proyecciones, tertulias, charlas y muchas otras citas culturales tienen al toro como protagonista en estas fiestas. Entre los actos principales dentro de este \u00e1mbito hay que destacar la acogida de la <strong>Semifinal del Campeonato de Espa\u00f1a de Recortadores<\/strong> con toros y cinco corridas de primer nivel, una de ellas, de rejones. Entre los matadores que visitar\u00e1n La Ribera durante la Feria Taurina destacan: el riojano Diego Urdiales, reciente triunfador de la Feria de Bilbao en agosto; Pablo Hermoso de Mendoza, Miguel Abell\u00e1n, Enrique Ponce, Jos\u00e9 Mar\u00eda Manzanares, Morante de la Puebla, Juli\u00e1n L\u00f3pez \u201cEl Juli\u201d o Alejandro Talavante.<\/p>\n<p><a href=\"http:\/\/vivancoculturadevino.es\/blog\/wp-content\/uploads\/2015\/09\/Recortadores_Logro\u00f1o.jpg\"><img loading=\"lazy\" decoding=\"async\" width=\"1024\" height=\"768\" class=\"aligncenter size-large wp-image-1459\" src=\"\/\/vivancoculturadevino.es\/blog\/wp-content\/uploads\/2015\/09\/Recortadores_Logro\u00f1o-1024x768.jpg\" alt=\"Recortadores_Logro\u00f1o\" srcset=\"https:\/\/vivancoculturadevino.es\/blog\/wp-content\/uploads\/2015\/09\/Recortadores_Logro\u00f1o-1024x768.jpg 1024w, https:\/\/vivancoculturadevino.es\/blog\/wp-content\/uploads\/2015\/09\/Recortadores_Logro\u00f1o-300x225.jpg 300w, https:\/\/vivancoculturadevino.es\/blog\/wp-content\/uploads\/2015\/09\/Recortadores_Logro\u00f1o.jpg 1280w\" sizes=\"(max-width: 1024px) 100vw, 1024px\" \/><\/a><\/p>\n<h2><strong>TEATRO<\/strong><\/h2>\n<p>Las Fiestas de la Vendimia son tambi\u00e9n una importante cita para los amantes del teatro. Entre las obras m\u00e1s importantes que se representan durante las fiestas podemos se\u00f1alar:<\/p>\n<ul>\n<li><strong><em>Buena gente<\/em><\/strong>. Del ganador del Premio Pulitzer David Lindsey-Abaire. Dirigida por David Serrano y con Ver\u00f3nica Forqu\u00e9 como protagonista. Completan el elenco actoral Pilar Castro, Juan Fern\u00e1ndez, Susi S\u00e1nchez y Diego Paris.<\/li>\n<\/ul>\n<ul>\n<li><strong><em>Si la cosa funciona<\/em>.<\/strong> De Woody Allen. Dirigida por Alberto Castrillo-Ferrer. Protagonizada por Jos\u00e9 Luis Gil junto a Ana Ruiz, Roc\u00edo Calvo, Ricardo Joven y Beatriz Santana.<\/li>\n<\/ul>\n<ul>\n<li><strong><em>Iba en serio<\/em><\/strong><em>.<\/em> Durante las celebraciones de San Mateo, se representar\u00e1 tambi\u00e9n la controvertida obra <em>Iba en serio,<\/em> adaptaci\u00f3n musical de la novela autobiogr\u00e1fica <em>La vida iba en serio,<\/em> del televisivo Jorge Javier V\u00e1zquez y, tambi\u00e9n, su debut como actor teatral.<\/li>\n<\/ul>\n<h2><strong>M\u00daSICA<\/strong><\/h2>\n<p>La m\u00fasica supone otro de los puntos fuertes de la programaci\u00f3n de las Fiestas de San Mateo en 2015. Adem\u00e1s de las actuaciones de bandas y agrupaciones locales, conciertos de m\u00fasica culta, folkl\u00f3rica y jazz, entre los conciertos que amenizar\u00e1n estas fiestas encontramos a artistas de primera fila del pop nacional como Fito y Fitipaldis, Najwajean, Alejo Stivel, La Fuga o Nancys Rubias, Vanesa Mart\u00edn, Amaia Montero y Mikel Erentxun.<\/p>\n<p><a href=\"http:\/\/vivancoculturadevino.es\/blog\/wp-content\/uploads\/2015\/09\/Nancys_rubias.jpg\"><img loading=\"lazy\" decoding=\"async\" width=\"544\" height=\"373\" class=\"aligncenter size-full wp-image-1460\" src=\"\/\/vivancoculturadevino.es\/blog\/wp-content\/uploads\/2015\/09\/Nancys_rubias.jpg\" alt=\"Nancys_rubias\" srcset=\"https:\/\/vivancoculturadevino.es\/blog\/wp-content\/uploads\/2015\/09\/Nancys_rubias.jpg 544w, https:\/\/vivancoculturadevino.es\/blog\/wp-content\/uploads\/2015\/09\/Nancys_rubias-300x206.jpg 300w\" sizes=\"(max-width: 544px) 100vw, 544px\" \/><\/a><\/p>\n<p style=\"text-align: center;\"><strong>Nancys Rubias. Autor: 20minutos<\/strong><\/p>\n<h2><strong>VINO<\/strong><\/h2>\n<p>Y, c\u00f3mo no, el vino ocupa un lugar especial dentro de la programaci\u00f3n de las Fiestas de San Mateo. Exposiciones, cursos de cata, concursos de cosecheros, rutas culturales relacionadas con el mundo del vino\u2026 La oferta de actividades para los amantes del vino se multiplica en La Rioja con la llegada de las Fiestas de la Vendimia. Una oferta que tiene como plato fuerte la visita a <a href=\"http:\/\/www.vivancoculturadevino.es\/vivanco\/?tsource=tsCom\" target=\"_blank\"><strong>Museo Vivanco de la Cultura del Vino y a Bodegas Vivanco<\/strong><\/a>, el mejor museo del vino del mundo, a tan solo 35 km de Logro\u00f1o.<\/p>\n<p><a href=\"http:\/\/vivancoculturadevino.es\/blog\/wp-content\/uploads\/2015\/09\/Museo_Vivanco.jpg\"><img loading=\"lazy\" decoding=\"async\" width=\"1024\" height=\"433\" class=\"aligncenter size-large wp-image-1461\" src=\"\/\/vivancoculturadevino.es\/blog\/wp-content\/uploads\/2015\/09\/Museo_Vivanco-1024x433.jpg\" alt=\"Museo_Vivanco\" srcset=\"https:\/\/vivancoculturadevino.es\/blog\/wp-content\/uploads\/2015\/09\/Museo_Vivanco-1024x433.jpg 1024w, https:\/\/vivancoculturadevino.es\/blog\/wp-content\/uploads\/2015\/09\/Museo_Vivanco-300x127.jpg 300w, https:\/\/vivancoculturadevino.es\/blog\/wp-content\/uploads\/2015\/09\/Museo_Vivanco.jpg 1673w\" sizes=\"(max-width: 1024px) 100vw, 1024px\" \/><\/a><\/p>\n","protected":false},"excerpt":{"rendered":"<p>San Mateo 2015 llega la pr\u00f3xima semana a La Rioja con un programa cargado de actividades y conciertos para disfrutar de la regi\u00f3n. Conoce aqu\u00ed todos los detalles. <\/p>\n","protected":false},"author":1,"featured_media":1455,"comment_status":"open","ping_status":"open","sticky":false,"template":"","format":"standard","meta":{"footnotes":"","_elementor_edit_mode":"","_elementor_template_type":"","_elementor_data":"","_elementor_page_settings":null,"_elementor_conditions":[]},"categories":[6],"tags":[157,158,155,37,156,154,4,5],"class_list":["post-1454","post","type-post","status-publish","format-standard","has-post-thumbnail","hentry","category-experiencias","tag-actividades","tag-conciertos","tag-fiestas-san-mateo","tag-la-rioja","tag-programa-de-fiestas","tag-san-mateo","tag-vino","tag-vivanco-2"],"yoast_head":"<!-- This site is optimized with the Yoast SEO plugin v26.8 - https:\/\/yoast.com\/product\/yoast-seo-wordpress\/ -->\n<title>Lo mejor de las fiestas de San Mateo en Logro\u00f1o | Vivanco<\/title>\n<meta name=\"description\" content=\"Como es costumbre, el programa de las fiestas de San Mateo para este 2015 llega a La Rioja cargado de conciertos y actividades relacionadas con el vino.\" \/>\n<meta name=\"robots\" content=\"index, follow, max-snippet:-1, max-image-preview:large, max-video-preview:-1\" \/>\n<link rel=\"canonical\" href=\"https:\/\/vivancoculturadevino.es\/blog\/2015\/09\/16\/lo-mejor-fiestas-san-mateo-logrono\/\" \/>\n<meta property=\"og:locale\" content=\"es_ES\" \/>\n<meta property=\"og:type\" content=\"article\" \/>\n<meta property=\"og:title\" content=\"Lo mejor de las fiestas de San Mateo en Logro\u00f1o | Vivanco\" \/>\n<meta property=\"og:description\" content=\"Como es costumbre, el programa de las fiestas de San Mateo para este 2015 llega a La Rioja cargado de conciertos y actividades relacionadas con el vino.\" \/>\n<meta property=\"og:url\" content=\"https:\/\/vivancoculturadevino.es\/blog\/2015\/09\/16\/lo-mejor-fiestas-san-mateo-logrono\/\" \/>\n<meta property=\"og:site_name\" content=\"Vivanco\" \/>\n<meta property=\"article:author\" content=\"https:\/\/www.facebook.com\/vivancoculturadevino\" \/>\n<meta property=\"article:published_time\" content=\"2015-09-16T11:55:55+00:00\" \/>\n<meta property=\"article:modified_time\" content=\"2016-11-11T14:19:00+00:00\" \/>\n<meta property=\"og:image\" content=\"https:\/\/vivancoculturadevino.es\/blog\/wp-content\/uploads\/2015\/09\/Programa_2015.jpg\" \/>\n\t<meta property=\"og:image:width\" content=\"642\" \/>\n\t<meta property=\"og:image:height\" content=\"900\" \/>\n\t<meta property=\"og:image:type\" content=\"image\/jpeg\" \/>\n<meta name=\"author\" content=\"Vivanco\" \/>\n<meta name=\"twitter:card\" content=\"summary_large_image\" \/>\n<meta name=\"twitter:creator\" content=\"@https:\/\/twitter.com\/Vivanco_es\" \/>\n<meta name=\"twitter:label1\" content=\"Escrito por\" \/>\n\t<meta name=\"twitter:data1\" content=\"Vivanco\" \/>\n\t<meta name=\"twitter:label2\" content=\"Tiempo de lectura\" \/>\n\t<meta name=\"twitter:data2\" content=\"6 minutos\" \/>\n<script type=\"application\/ld+json\" class=\"yoast-schema-graph\">{\"@context\":\"https:\/\/schema.org\",\"@graph\":[{\"@type\":\"Article\",\"@id\":\"https:\/\/vivancoculturadevino.es\/blog\/2015\/09\/16\/lo-mejor-fiestas-san-mateo-logrono\/#article\",\"isPartOf\":{\"@id\":\"https:\/\/vivancoculturadevino.es\/blog\/2015\/09\/16\/lo-mejor-fiestas-san-mateo-logrono\/\"},\"author\":{\"name\":\"Vivanco\",\"@id\":\"https:\/\/vivancoculturadevino.es\/blog\/#\/schema\/person\/745931ee54ccbb839d8df0cceb02db4c\"},\"headline\":\"Lo mejor de las fiestas de San Mateo en Logro\u00f1o\",\"datePublished\":\"2015-09-16T11:55:55+00:00\",\"dateModified\":\"2016-11-11T14:19:00+00:00\",\"mainEntityOfPage\":{\"@id\":\"https:\/\/vivancoculturadevino.es\/blog\/2015\/09\/16\/lo-mejor-fiestas-san-mateo-logrono\/\"},\"wordCount\":1253,\"commentCount\":0,\"publisher\":{\"@id\":\"https:\/\/vivancoculturadevino.es\/blog\/#organization\"},\"image\":{\"@id\":\"https:\/\/vivancoculturadevino.es\/blog\/2015\/09\/16\/lo-mejor-fiestas-san-mateo-logrono\/#primaryimage\"},\"thumbnailUrl\":\"https:\/\/vivancoculturadevino.es\/blog\/wp-content\/uploads\/2015\/09\/Programa_2015.jpg\",\"keywords\":[\"Actividades\",\"Conciertos\",\"Fiestas San Mateo\",\"La Rioja\",\"Programa de fiestas\",\"San Mateo\",\"vino\",\"vivanco\"],\"articleSection\":[\"Compartiendo\"],\"inLanguage\":\"es\",\"potentialAction\":[{\"@type\":\"CommentAction\",\"name\":\"Comment\",\"target\":[\"https:\/\/vivancoculturadevino.es\/blog\/2015\/09\/16\/lo-mejor-fiestas-san-mateo-logrono\/#respond\"]}]},{\"@type\":\"WebPage\",\"@id\":\"https:\/\/vivancoculturadevino.es\/blog\/2015\/09\/16\/lo-mejor-fiestas-san-mateo-logrono\/\",\"url\":\"https:\/\/vivancoculturadevino.es\/blog\/2015\/09\/16\/lo-mejor-fiestas-san-mateo-logrono\/\",\"name\":\"Lo mejor de las fiestas de San Mateo en Logro\u00f1o | Vivanco\",\"isPartOf\":{\"@id\":\"https:\/\/vivancoculturadevino.es\/blog\/#website\"},\"primaryImageOfPage\":{\"@id\":\"https:\/\/vivancoculturadevino.es\/blog\/2015\/09\/16\/lo-mejor-fiestas-san-mateo-logrono\/#primaryimage\"},\"image\":{\"@id\":\"https:\/\/vivancoculturadevino.es\/blog\/2015\/09\/16\/lo-mejor-fiestas-san-mateo-logrono\/#primaryimage\"},\"thumbnailUrl\":\"https:\/\/vivancoculturadevino.es\/blog\/wp-content\/uploads\/2015\/09\/Programa_2015.jpg\",\"datePublished\":\"2015-09-16T11:55:55+00:00\",\"dateModified\":\"2016-11-11T14:19:00+00:00\",\"description\":\"Como es costumbre, el programa de las fiestas de San Mateo para este 2015 llega a La Rioja cargado de conciertos y actividades relacionadas con el vino.\",\"breadcrumb\":{\"@id\":\"https:\/\/vivancoculturadevino.es\/blog\/2015\/09\/16\/lo-mejor-fiestas-san-mateo-logrono\/#breadcrumb\"},\"inLanguage\":\"es\",\"potentialAction\":[{\"@type\":\"ReadAction\",\"target\":[\"https:\/\/vivancoculturadevino.es\/blog\/2015\/09\/16\/lo-mejor-fiestas-san-mateo-logrono\/\"]}]},{\"@type\":\"ImageObject\",\"inLanguage\":\"es\",\"@id\":\"https:\/\/vivancoculturadevino.es\/blog\/2015\/09\/16\/lo-mejor-fiestas-san-mateo-logrono\/#primaryimage\",\"url\":\"https:\/\/vivancoculturadevino.es\/blog\/wp-content\/uploads\/2015\/09\/Programa_2015.jpg\",\"contentUrl\":\"https:\/\/vivancoculturadevino.es\/blog\/wp-content\/uploads\/2015\/09\/Programa_2015.jpg\",\"width\":642,\"height\":900},{\"@type\":\"BreadcrumbList\",\"@id\":\"https:\/\/vivancoculturadevino.es\/blog\/2015\/09\/16\/lo-mejor-fiestas-san-mateo-logrono\/#breadcrumb\",\"itemListElement\":[{\"@type\":\"ListItem\",\"position\":1,\"name\":\"Portada\",\"item\":\"https:\/\/vivancoculturadevino.es\/blog\/\"},{\"@type\":\"ListItem\",\"position\":2,\"name\":\"Lo mejor de las fiestas de San Mateo en Logro\u00f1o\"}]},{\"@type\":\"WebSite\",\"@id\":\"https:\/\/vivancoculturadevino.es\/blog\/#website\",\"url\":\"https:\/\/vivancoculturadevino.es\/blog\/\",\"name\":\"Vivanco\",\"description\":\"Una familia y una pasi\u00f3n: Compartir la cultura del vino\",\"publisher\":{\"@id\":\"https:\/\/vivancoculturadevino.es\/blog\/#organization\"},\"potentialAction\":[{\"@type\":\"SearchAction\",\"target\":{\"@type\":\"EntryPoint\",\"urlTemplate\":\"https:\/\/vivancoculturadevino.es\/blog\/?s={search_term_string}\"},\"query-input\":{\"@type\":\"PropertyValueSpecification\",\"valueRequired\":true,\"valueName\":\"search_term_string\"}}],\"inLanguage\":\"es\"},{\"@type\":\"Organization\",\"@id\":\"https:\/\/vivancoculturadevino.es\/blog\/#organization\",\"name\":\"Vivanco\",\"url\":\"https:\/\/vivancoculturadevino.es\/blog\/\",\"logo\":{\"@type\":\"ImageObject\",\"inLanguage\":\"es\",\"@id\":\"https:\/\/vivancoculturadevino.es\/blog\/#\/schema\/logo\/image\/\",\"url\":\"https:\/\/vivancoculturadevino.es\/blog\/wp-content\/uploads\/2026\/01\/Logo-blanco.svg\",\"contentUrl\":\"https:\/\/vivancoculturadevino.es\/blog\/wp-content\/uploads\/2026\/01\/Logo-blanco.svg\",\"width\":134,\"height\":43,\"caption\":\"Vivanco\"},\"image\":{\"@id\":\"https:\/\/vivancoculturadevino.es\/blog\/#\/schema\/logo\/image\/\"}},{\"@type\":\"Person\",\"@id\":\"https:\/\/vivancoculturadevino.es\/blog\/#\/schema\/person\/745931ee54ccbb839d8df0cceb02db4c\",\"name\":\"Vivanco\",\"image\":{\"@type\":\"ImageObject\",\"inLanguage\":\"es\",\"@id\":\"https:\/\/vivancoculturadevino.es\/blog\/#\/schema\/person\/image\/\",\"url\":\"https:\/\/secure.gravatar.com\/avatar\/61b66c59d132db2f7ad4dfd1cc89bbd508b4d5888ab39ddba99f2aca247b7fb3?s=96&d=mm&r=g\",\"contentUrl\":\"https:\/\/secure.gravatar.com\/avatar\/61b66c59d132db2f7ad4dfd1cc89bbd508b4d5888ab39ddba99f2aca247b7fb3?s=96&d=mm&r=g\",\"caption\":\"Vivanco\"},\"description\":\"Bodega, Fundaci\u00f3n, Experiencias. Compartiendo Cultura de Vino\",\"sameAs\":[\"http:\/\/www.vivancoculturadevino.es\",\"https:\/\/www.facebook.com\/vivancoculturadevino\",\"https:\/\/x.com\/https:\/\/twitter.com\/Vivanco_es\",\"https:\/\/www.youtube.com\/channel\/UC8a2nOiF7kAQNPPduAi2Evw\/videos\"],\"url\":\"https:\/\/vivancoculturadevino.es\/blog\/author\/administrator\/\"}]}<\/script>\n<!-- \/ Yoast SEO plugin. -->","yoast_head_json":{"title":"Lo mejor de las fiestas de San Mateo en Logro\u00f1o | Vivanco","description":"Como es costumbre, el programa de las fiestas de San Mateo para este 2015 llega a La Rioja cargado de conciertos y actividades relacionadas con el vino.","robots":{"index":"index","follow":"follow","max-snippet":"max-snippet:-1","max-image-preview":"max-image-preview:large","max-video-preview":"max-video-preview:-1"},"canonical":"https:\/\/vivancoculturadevino.es\/blog\/2015\/09\/16\/lo-mejor-fiestas-san-mateo-logrono\/","og_locale":"es_ES","og_type":"article","og_title":"Lo mejor de las fiestas de San Mateo en Logro\u00f1o | Vivanco","og_description":"Como es costumbre, el programa de las fiestas de San Mateo para este 2015 llega a La Rioja cargado de conciertos y actividades relacionadas con el vino.","og_url":"https:\/\/vivancoculturadevino.es\/blog\/2015\/09\/16\/lo-mejor-fiestas-san-mateo-logrono\/","og_site_name":"Vivanco","article_author":"https:\/\/www.facebook.com\/vivancoculturadevino","article_published_time":"2015-09-16T11:55:55+00:00","article_modified_time":"2016-11-11T14:19:00+00:00","og_image":[{"width":642,"height":900,"url":"https:\/\/vivancoculturadevino.es\/blog\/wp-content\/uploads\/2015\/09\/Programa_2015.jpg","type":"image\/jpeg"}],"author":"Vivanco","twitter_card":"summary_large_image","twitter_creator":"@https:\/\/twitter.com\/Vivanco_es","twitter_misc":{"Escrito por":"Vivanco","Tiempo de lectura":"6 minutos"},"schema":{"@context":"https:\/\/schema.org","@graph":[{"@type":"Article","@id":"https:\/\/vivancoculturadevino.es\/blog\/2015\/09\/16\/lo-mejor-fiestas-san-mateo-logrono\/#article","isPartOf":{"@id":"https:\/\/vivancoculturadevino.es\/blog\/2015\/09\/16\/lo-mejor-fiestas-san-mateo-logrono\/"},"author":{"name":"Vivanco","@id":"https:\/\/vivancoculturadevino.es\/blog\/#\/schema\/person\/745931ee54ccbb839d8df0cceb02db4c"},"headline":"Lo mejor de las fiestas de San Mateo en Logro\u00f1o","datePublished":"2015-09-16T11:55:55+00:00","dateModified":"2016-11-11T14:19:00+00:00","mainEntityOfPage":{"@id":"https:\/\/vivancoculturadevino.es\/blog\/2015\/09\/16\/lo-mejor-fiestas-san-mateo-logrono\/"},"wordCount":1253,"commentCount":0,"publisher":{"@id":"https:\/\/vivancoculturadevino.es\/blog\/#organization"},"image":{"@id":"https:\/\/vivancoculturadevino.es\/blog\/2015\/09\/16\/lo-mejor-fiestas-san-mateo-logrono\/#primaryimage"},"thumbnailUrl":"https:\/\/vivancoculturadevino.es\/blog\/wp-content\/uploads\/2015\/09\/Programa_2015.jpg","keywords":["Actividades","Conciertos","Fiestas San Mateo","La Rioja","Programa de fiestas","San Mateo","vino","vivanco"],"articleSection":["Compartiendo"],"inLanguage":"es","potentialAction":[{"@type":"CommentAction","name":"Comment","target":["https:\/\/vivancoculturadevino.es\/blog\/2015\/09\/16\/lo-mejor-fiestas-san-mateo-logrono\/#respond"]}]},{"@type":"WebPage","@id":"https:\/\/vivancoculturadevino.es\/blog\/2015\/09\/16\/lo-mejor-fiestas-san-mateo-logrono\/","url":"https:\/\/vivancoculturadevino.es\/blog\/2015\/09\/16\/lo-mejor-fiestas-san-mateo-logrono\/","name":"Lo mejor de las fiestas de San Mateo en Logro\u00f1o | Vivanco","isPartOf":{"@id":"https:\/\/vivancoculturadevino.es\/blog\/#website"},"primaryImageOfPage":{"@id":"https:\/\/vivancoculturadevino.es\/blog\/2015\/09\/16\/lo-mejor-fiestas-san-mateo-logrono\/#primaryimage"},"image":{"@id":"https:\/\/vivancoculturadevino.es\/blog\/2015\/09\/16\/lo-mejor-fiestas-san-mateo-logrono\/#primaryimage"},"thumbnailUrl":"https:\/\/vivancoculturadevino.es\/blog\/wp-content\/uploads\/2015\/09\/Programa_2015.jpg","datePublished":"2015-09-16T11:55:55+00:00","dateModified":"2016-11-11T14:19:00+00:00","description":"Como es costumbre, el programa de las fiestas de San Mateo para este 2015 llega a La Rioja cargado de conciertos y actividades relacionadas con el vino.","breadcrumb":{"@id":"https:\/\/vivancoculturadevino.es\/blog\/2015\/09\/16\/lo-mejor-fiestas-san-mateo-logrono\/#breadcrumb"},"inLanguage":"es","potentialAction":[{"@type":"ReadAction","target":["https:\/\/vivancoculturadevino.es\/blog\/2015\/09\/16\/lo-mejor-fiestas-san-mateo-logrono\/"]}]},{"@type":"ImageObject","inLanguage":"es","@id":"https:\/\/vivancoculturadevino.es\/blog\/2015\/09\/16\/lo-mejor-fiestas-san-mateo-logrono\/#primaryimage","url":"https:\/\/vivancoculturadevino.es\/blog\/wp-content\/uploads\/2015\/09\/Programa_2015.jpg","contentUrl":"https:\/\/vivancoculturadevino.es\/blog\/wp-content\/uploads\/2015\/09\/Programa_2015.jpg","width":642,"height":900},{"@type":"BreadcrumbList","@id":"https:\/\/vivancoculturadevino.es\/blog\/2015\/09\/16\/lo-mejor-fiestas-san-mateo-logrono\/#breadcrumb","itemListElement":[{"@type":"ListItem","position":1,"name":"Portada","item":"https:\/\/vivancoculturadevino.es\/blog\/"},{"@type":"ListItem","position":2,"name":"Lo mejor de las fiestas de San Mateo en Logro\u00f1o"}]},{"@type":"WebSite","@id":"https:\/\/vivancoculturadevino.es\/blog\/#website","url":"https:\/\/vivancoculturadevino.es\/blog\/","name":"Vivanco","description":"Una familia y una pasi\u00f3n: Compartir la cultura del vino","publisher":{"@id":"https:\/\/vivancoculturadevino.es\/blog\/#organization"},"potentialAction":[{"@type":"SearchAction","target":{"@type":"EntryPoint","urlTemplate":"https:\/\/vivancoculturadevino.es\/blog\/?s={search_term_string}"},"query-input":{"@type":"PropertyValueSpecification","valueRequired":true,"valueName":"search_term_string"}}],"inLanguage":"es"},{"@type":"Organization","@id":"https:\/\/vivancoculturadevino.es\/blog\/#organization","name":"Vivanco","url":"https:\/\/vivancoculturadevino.es\/blog\/","logo":{"@type":"ImageObject","inLanguage":"es","@id":"https:\/\/vivancoculturadevino.es\/blog\/#\/schema\/logo\/image\/","url":"https:\/\/vivancoculturadevino.es\/blog\/wp-content\/uploads\/2026\/01\/Logo-blanco.svg","contentUrl":"https:\/\/vivancoculturadevino.es\/blog\/wp-content\/uploads\/2026\/01\/Logo-blanco.svg","width":134,"height":43,"caption":"Vivanco"},"image":{"@id":"https:\/\/vivancoculturadevino.es\/blog\/#\/schema\/logo\/image\/"}},{"@type":"Person","@id":"https:\/\/vivancoculturadevino.es\/blog\/#\/schema\/person\/745931ee54ccbb839d8df0cceb02db4c","name":"Vivanco","image":{"@type":"ImageObject","inLanguage":"es","@id":"https:\/\/vivancoculturadevino.es\/blog\/#\/schema\/person\/image\/","url":"https:\/\/secure.gravatar.com\/avatar\/61b66c59d132db2f7ad4dfd1cc89bbd508b4d5888ab39ddba99f2aca247b7fb3?s=96&d=mm&r=g","contentUrl":"https:\/\/secure.gravatar.com\/avatar\/61b66c59d132db2f7ad4dfd1cc89bbd508b4d5888ab39ddba99f2aca247b7fb3?s=96&d=mm&r=g","caption":"Vivanco"},"description":"Bodega, Fundaci\u00f3n, Experiencias. Compartiendo Cultura de Vino","sameAs":["http:\/\/www.vivancoculturadevino.es","https:\/\/www.facebook.com\/vivancoculturadevino","https:\/\/x.com\/https:\/\/twitter.com\/Vivanco_es","https:\/\/www.youtube.com\/channel\/UC8a2nOiF7kAQNPPduAi2Evw\/videos"],"url":"https:\/\/vivancoculturadevino.es\/blog\/author\/administrator\/"}]}},"_links":{"self":[{"href":"https:\/\/vivancoculturadevino.es\/blog\/wp-json\/wp\/v2\/posts\/1454","targetHints":{"allow":["GET"]}}],"collection":[{"href":"https:\/\/vivancoculturadevino.es\/blog\/wp-json\/wp\/v2\/posts"}],"about":[{"href":"https:\/\/vivancoculturadevino.es\/blog\/wp-json\/wp\/v2\/types\/post"}],"author":[{"embeddable":true,"href":"https:\/\/vivancoculturadevino.es\/blog\/wp-json\/wp\/v2\/users\/1"}],"replies":[{"embeddable":true,"href":"https:\/\/vivancoculturadevino.es\/blog\/wp-json\/wp\/v2\/comments?post=1454"}],"version-history":[{"count":5,"href":"https:\/\/vivancoculturadevino.es\/blog\/wp-json\/wp\/v2\/posts\/1454\/revisions"}],"predecessor-version":[{"id":2790,"href":"https:\/\/vivancoculturadevino.es\/blog\/wp-json\/wp\/v2\/posts\/1454\/revisions\/2790"}],"wp:featuredmedia":[{"embeddable":true,"href":"https:\/\/vivancoculturadevino.es\/blog\/wp-json\/wp\/v2\/media\/1455"}],"wp:attachment":[{"href":"https:\/\/vivancoculturadevino.es\/blog\/wp-json\/wp\/v2\/media?parent=1454"}],"wp:term":[{"taxonomy":"category","embeddable":true,"href":"https:\/\/vivancoculturadevino.es\/blog\/wp-json\/wp\/v2\/categories?post=1454"},{"taxonomy":"post_tag","embeddable":true,"href":"https:\/\/vivancoculturadevino.es\/blog\/wp-json\/wp\/v2\/tags?post=1454"}],"curies":[{"name":"wp","href":"https:\/\/api.w.org\/{rel}","templated":true}]}}