{"id":1406,"date":"2015-08-25T09:44:48","date_gmt":"2015-08-25T08:44:48","guid":{"rendered":"http:\/\/vivancoculturadevino.es\/blog\/?p=1406"},"modified":"2018-10-10T09:16:56","modified_gmt":"2018-10-10T08:16:56","slug":"que-ver-haro-y-alrededores","status":"publish","type":"post","link":"https:\/\/vivancoculturadevino.es\/blog\/2015\/08\/25\/que-ver-haro-y-alrededores\/","title":{"rendered":"\u00bfQu\u00e9 ver en Haro y alrededores?"},"content":{"rendered":"<p>Si est\u00e1s de ruta por La Rioja, no puedes desaprovechar la oportunidad de ir a conocer la preciosa localidad de Haro. A 47 kil\u00f3metros de Logro\u00f1o, Haro est\u00e1 situado al noroeste de La Rioja y limita con las provincias de \u00c1lava y Burgos. Tiene unos 12.500 habitantes que conviven en un territorio de 40km\u00b2. Su precioso casco antiguo fue declarado en 1975 como Bien de Inter\u00e9s Cultural y una de sus fiestas, la <a title=\"Batalla del vino Haro\" href=\"http:\/\/vivancoculturadevino.es\/blog\/2015\/06\/24\/batalla-vino-haro-la-rioja\/\" target=\"_blank\">Batalla del Vino de Haro <\/a>(acoge cada a\u00f1o a unas 10.000 personas), fue declarada Fiesta de Inter\u00e9s Tur\u00edstico Nacional en 2011.<\/p>\n<p>Pero estos no son los \u00fanicos atractivos tur\u00edsticos que nos brinda Haro, si quieres saber m\u00e1s, te lo contamos todo a continuaci\u00f3n.<\/p>\n<p><a href=\"http:\/\/vivancoculturadevino.es\/blog\/wp-content\/uploads\/2015\/08\/PARROQUIA-SANTO-TOM\u00c1S-HARO.jpg\"><img fetchpriority=\"high\" decoding=\"async\" width=\"1024\" height=\"542\" class=\"aligncenter size-large wp-image-1407\" src=\"\/\/vivancoculturadevino.es\/blog\/wp-content\/uploads\/2015\/08\/PARROQUIA-SANTO-TOM\u00c1S-HARO-1024x542.jpg\" alt=\"PARROQUIA SANTO TOM\u00c1S HARO\" srcset=\"https:\/\/vivancoculturadevino.es\/blog\/wp-content\/uploads\/2015\/08\/PARROQUIA-SANTO-TOM\u00c1S-HARO-1024x542.jpg 1024w, https:\/\/vivancoculturadevino.es\/blog\/wp-content\/uploads\/2015\/08\/PARROQUIA-SANTO-TOM\u00c1S-HARO-300x159.jpg 300w\" sizes=\"(max-width: 1024px) 100vw, 1024px\" \/><\/a><\/p>\n<p style=\"text-align: center;\"><strong>Vistas de Haro con la parroquia de Santo Tom\u00e1s al fondo. <\/strong>Autor: <a href=\"https:\/\/commons.wikimedia.org\/wiki\/File%3AIglesia_de_Santo_Tom%C3%A1s_-_Haro_-_La_Rioja.jpg\" target=\"_blank\" rel=\"nofollow\">BigSus<\/a><\/p>\n<h2 style=\"text-align: center;\">Patrimonio hist\u00f3rico y arquitect\u00f3nico<\/h2>\n<p>Dentro del patrimonio arquitect\u00f3nico de Haro destacan los palacios, obras civiles construidas entre los siglos XVI y XVIII.<\/p>\n<h3><span lang=\"ES-TRAD\">Palacio de Benda\u00f1a<\/span><\/h3>\n<p>Este palacio de <strong>estilo Plateresco<\/strong> est\u00e1 situado en la antigua muralla medieval. Consta de tres plantas construidas con piedra de siller\u00eda. Del edificio podemos destacar sus dos fachadas (construidas en los siglos XVI y XVII) y su preciosa galer\u00eda mud\u00e9jar del siglo XV.<\/p>\n<p>En la planta de abajo de este edificio se encuentra la Oficina de Turismo de Haro.<\/p>\n<h3><span lang=\"ES-TRAD\">Palacio de los Condes de Haro<\/span><\/h3>\n<p>En este palacio, construido entre los siglos XVI y XVII, podemos encontrar dos estilos arquitect\u00f3nicos bien diferenciados: <strong>el Renacentista <\/strong>con su sobriedad y <strong>el Barroco<\/strong> con su estilo recargado. Este edificio destaca por su bonita portada con dobles columnas salom\u00f3nicas y front\u00f3n roto, por los distintos motivos fant\u00e1sticos y florales y por los barrocos escudos y medallones.<\/p>\n<p><a href=\"http:\/\/vivancoculturadevino.es\/blog\/wp-content\/uploads\/2015\/08\/PALACIO-CONDES-DE-HARO.jpg\"><img decoding=\"async\" width=\"687\" height=\"1024\" class=\"aligncenter size-large wp-image-1408\" src=\"\/\/vivancoculturadevino.es\/blog\/wp-content\/uploads\/2015\/08\/PALACIO-CONDES-DE-HARO-687x1024.jpg\" alt=\"PALACIO CONDES DE HARO\" srcset=\"https:\/\/vivancoculturadevino.es\/blog\/wp-content\/uploads\/2015\/08\/PALACIO-CONDES-DE-HARO-687x1024.jpg 687w, https:\/\/vivancoculturadevino.es\/blog\/wp-content\/uploads\/2015\/08\/PALACIO-CONDES-DE-HARO-201x300.jpg 201w, https:\/\/vivancoculturadevino.es\/blog\/wp-content\/uploads\/2015\/08\/PALACIO-CONDES-DE-HARO-300x447.jpg 300w, https:\/\/vivancoculturadevino.es\/blog\/wp-content\/uploads\/2015\/08\/PALACIO-CONDES-DE-HARO.jpg 1944w\" sizes=\"(max-width: 687px) 100vw, 687px\" \/><\/a><\/p>\n<p style=\"text-align: center;\"><strong>Fachada del Palacio de los Condes de Haro.<\/strong> Autor: <a href=\"https:\/\/commons.wikimedia.org\/wiki\/File:Haro_-_Palacio_de_los_Condes_de_Haro_-_DSC_5380.JPG\" target=\"_blank\" rel=\"nofollow\">Juanje2712<\/a><\/p>\n<h3><span lang=\"ES-TRAD\">Palacio de las Bezaras<\/span><\/h3>\n<p>Construido durante el siglo XVIII, este palacio muestra ya un estilo <strong>Barroco t\u00edpicamente riojano.<\/strong> Est\u00e1 construido en piedra de siller\u00eda, su forma es rectangular y consta de casi 200 metros.<\/p>\n<p>Dentro de \u00e9l podremos admirar su c\u00fapula de media naranja y su enorme escalera interior construida en piedra.<\/p>\n<p>En su fachada, encontramos dos escudos barrocos cargados de motivos florales, elementos fant\u00e1sticos, animales, figuras humanas y querubines.<\/p>\n<p><iframe src=\"https:\/\/www.youtube-nocookie.com\/embed\/2le370bngnI?rel=0\" width=\"660\" height=\"495\" frameborder=\"0\" allowfullscreen=\"allowfullscreen\"><\/iframe><\/p>\n<p>Estos no son los \u00fanicos palacios de la ciudad, si quieres conocerlos todos deber\u00e1s visitar el <strong>Palacio de Tejada, el Palacio de los Salazar, el Palacio de la Plaza de la Cruz, el Palacio de las Sevillanas y la Casa Pis\u00f3n.<\/strong><\/p>\n<h3><span lang=\"ES-TRAD\">Ayuntamiento<\/span><\/h3>\n<p>Dentro de la obra civil de Haro destaca el edificio del ayuntamiento, considerado uno de los edificios m\u00e1s importantes del municipio.<\/p>\n<p><a href=\"http:\/\/vivancoculturadevino.es\/blog\/wp-content\/uploads\/2015\/08\/AYUNTAMIENTO-HARO-LA-RIOJA.jpg\"><img decoding=\"async\" width=\"1024\" height=\"768\" class=\"aligncenter size-large wp-image-1410\" src=\"\/\/vivancoculturadevino.es\/blog\/wp-content\/uploads\/2015\/08\/AYUNTAMIENTO-HARO-LA-RIOJA-1024x768.jpg\" alt=\"AYUNTAMIENTO HARO LA RIOJA\" srcset=\"https:\/\/vivancoculturadevino.es\/blog\/wp-content\/uploads\/2015\/08\/AYUNTAMIENTO-HARO-LA-RIOJA-1024x768.jpg 1024w, https:\/\/vivancoculturadevino.es\/blog\/wp-content\/uploads\/2015\/08\/AYUNTAMIENTO-HARO-LA-RIOJA-300x225.jpg 300w, https:\/\/vivancoculturadevino.es\/blog\/wp-content\/uploads\/2015\/08\/AYUNTAMIENTO-HARO-LA-RIOJA.jpg 1659w\" sizes=\"(max-width: 1024px) 100vw, 1024px\" \/><\/a><\/p>\n<p style=\"text-align: center;\"><strong>Ayuntamiento de Haro.<\/strong> Autor: <a href=\"https:\/\/www.flickr.com\/photos\/juantiagues\/9795799415\/\" target=\"_blank\" rel=\"nofollow\">juantiagues<\/a><\/p>\n<p><strong>Se construy\u00f3 en el siglo XVIII con piedra de siller\u00eda, durante la \u00e9poca del rey Carlos III y su estilo es Neocl\u00e1sico<\/strong>.\u00a0Su fachada fue dise\u00f1ada en 1768 por el maestro <strong>Ventura Rodr\u00edguez<\/strong>, que la compuso de dos cuerpos y tres alturas. En la planta baja podemos ver los muros almohadillados renacentistas que sujetan arcos de medio punto creando as\u00ed los soportales. En el segundo piso veremos la balconada sobre la que hay cuatro grandes ventanales. En la parte superior hay una cornisa con la inscripci\u00f3n: &#8220;Reinando Carlos III, a\u00f1o 1769&#8221;. Justo encima, coronando la fachada, est\u00e1 el escudo de la ciudad de Haro, esta vez con un estilo Barroco que rompe con la sobriedad renacentista.<\/p>\n<p><iframe src=\"https:\/\/www.youtube-nocookie.com\/embed\/AVLe_VaY-WE?rel=0\" width=\"660\" height=\"495\" frameborder=\"0\" allowfullscreen=\"allowfullscreen\"><\/iframe><\/p>\n<p>No podemos cerrar el apartado de patrimonio hist\u00f3rico y arquitect\u00f3nico sin hablar de las obras religiosas:<\/p>\n<h3><span lang=\"ES-TRAD\">Ermita de San Felices<\/span><\/h3>\n<p>En 2014 obtuvo el primer puesto (junto con el puente de Alc\u00e1ntara en Extremadura) en <strong>&#8220;El Mejor Rinc\u00f3n&#8221;, <a title=\"El mejor rincon guia repsol\" href=\"http:\/\/www.guiarepsol.com\/es\/turismo\/destinos\/el-mejor-rincon\/ermita-de-san-felices\/\" target=\"_blank\" rel=\"nofollow\">votaci\u00f3n popular anual de la Gu\u00eda Repsol<\/a>.<\/strong><\/p>\n<p><iframe src=\"https:\/\/www.youtube-nocookie.com\/embed\/UkAbgbEUh1A?rel=0\" width=\"660\" height=\"371\" frameborder=\"0\" allowfullscreen=\"allowfullscreen\"><\/iframe><\/p>\n<p>No es para menos, esta preciosa ermita situada en los Riscos de Bilibio (a 6 km de Haro), es el escenario de la famosa Batalla del Vino de Haro.<\/p>\n<p>La historia de esta ermita remonta hasta 1694 cuando se erigi\u00f3 <strong>la primera ermita en honor a San Felices, patr\u00f3n de Haro<\/strong>, que se situaba al pie del cerro de la Mota, aunque \u00e9sta ya no existe. La ermita que hoy conocemos data del 1710, aunque fue reconstruida en 1862 y1942. Posteriormente, en 1964, se inaugur\u00f3 la estatua de San Felices coronando el cerro.<\/p>\n<p><a href=\"http:\/\/vivancoculturadevino.es\/blog\/wp-content\/uploads\/2015\/08\/ERMITA-SAN-FELICES-BILIBIO.jpg\"><img loading=\"lazy\" decoding=\"async\" width=\"1024\" height=\"635\" class=\"aligncenter size-large wp-image-1411\" src=\"\/\/vivancoculturadevino.es\/blog\/wp-content\/uploads\/2015\/08\/ERMITA-SAN-FELICES-BILIBIO-1024x635.jpg\" alt=\"ERMITA SAN FELICES BILIBIO\" srcset=\"https:\/\/vivancoculturadevino.es\/blog\/wp-content\/uploads\/2015\/08\/ERMITA-SAN-FELICES-BILIBIO-1024x635.jpg 1024w, https:\/\/vivancoculturadevino.es\/blog\/wp-content\/uploads\/2015\/08\/ERMITA-SAN-FELICES-BILIBIO-300x186.jpg 300w\" sizes=\"(max-width: 1024px) 100vw, 1024px\" \/><\/a><\/p>\n<p style=\"text-align: center;\"><strong>Ermita de San Felices, en lo alto del cerro.<\/strong> Autor: <a href=\"https:\/\/commons.wikimedia.org\/wiki\/File%3ASan_felices_de_bilibio.jpg\" target=\"_blank\" rel=\"nofollow\">Asier Sarasua Garmendia<\/a><\/p>\n<h3><span lang=\"ES-TRAD\">Parroquia de Santo Tom\u00e1s<\/span><\/h3>\n<p>Esta parroquia, <strong>construida en honor a Santo Tom\u00e1s Ap\u00f3stol<\/strong>, fue declarada Bien de Inter\u00e9s Cultural en el a\u00f1o 1931.<\/p>\n<p>Consta de una planta de sal\u00f3n dividida en tres naves de la misma altura sin transepto. Tiene quince b\u00f3vedas de crucer\u00eda estrellada. Los arcos son geom\u00e9tricos y descansan sobre columnas y pilastras adosadas.<\/p>\n<p>Cabe destacar en su exterior la gran torre y la preciosa portada principal de estilo plateresco con im\u00e1genes del Calvario. En su interior, no te puedes perder el coro de finales del siglo XVII, el \u00f3rgano de 1798 y el retablo del altar mayor de 1730 considerado el m\u00e1s grande de la comunidad riojana.<\/p>\n<h3><span lang=\"ES-TRAD\">Bas\u00edlica de Nuestra Se\u00f1ora de la Vega<\/span><\/h3>\n<p><strong>La Bas\u00edlica est\u00e1 construida en honor a la Virgen de la Vega, patrona de Haro.<\/strong><\/p>\n<p>Data de 1703, cuando Bernardo de Munilla y Juan de Villanueva empezaron a construir el edificio con mamposter\u00eda, ladrillo y piedra de siller\u00eda. En su fachada barroca, podremos admirar una imagen moderna de la inmaculada acompa\u00f1ada por San Pedro y San Pablo.<\/p>\n<p>En su interior podremos ver tesoros como el retablo mayor de estilo Barroco que fue construido en 1740. El retablo acoge la imagen de la Virgen de la Vega (figura g\u00f3tica de principios del siglo XIV) acompa\u00f1ada por sus padres, San Joaqu\u00edn y Santa Ana, adem\u00e1s de los frescos barrocos con \u00e1ngeles m\u00fasicos y escenas de la vida de la virgen.<\/p>\n<p><a href=\"http:\/\/vivancoculturadevino.es\/blog\/wp-content\/uploads\/2015\/08\/BAS\u00cdLICA-NUESTRA-SE\u00d1ORA-VEGA-HARO.jpg\"><img loading=\"lazy\" decoding=\"async\" width=\"1024\" height=\"768\" class=\"aligncenter size-large wp-image-1412\" src=\"\/\/vivancoculturadevino.es\/blog\/wp-content\/uploads\/2015\/08\/BAS\u00cdLICA-NUESTRA-SE\u00d1ORA-VEGA-HARO-1024x768.jpg\" alt=\"\" srcset=\"https:\/\/vivancoculturadevino.es\/blog\/wp-content\/uploads\/2015\/08\/BAS\u00cdLICA-NUESTRA-SE\u00d1ORA-VEGA-HARO-1024x768.jpg 1024w, https:\/\/vivancoculturadevino.es\/blog\/wp-content\/uploads\/2015\/08\/BAS\u00cdLICA-NUESTRA-SE\u00d1ORA-VEGA-HARO-300x225.jpg 300w, https:\/\/vivancoculturadevino.es\/blog\/wp-content\/uploads\/2015\/08\/BAS\u00cdLICA-NUESTRA-SE\u00d1ORA-VEGA-HARO.jpg 2048w\" sizes=\"(max-width: 1024px) 100vw, 1024px\" \/><\/a><\/p>\n<p style=\"text-align: center;\"><strong>Bas\u00edlica de Nuestra Se\u00f1ora de la Vega.<\/strong> Autor: <a href=\"https:\/\/commons.wikimedia.org\/wiki\/File:Bas%C3%ADlica_de_Nuestra_Se%C3%B1ora_de_la_Vega_de_Haro_-_La_Rioja.jpg\">BigSus<\/a><\/p>\n<h2 style=\"text-align: center;\" align=\"center\"><span lang=\"ES-TRAD\">MUSEOS<\/span><\/h2>\n<h3><span lang=\"ES-TRAD\">Museo de Arte Contempor\u00e1neo El Torre\u00f3n<\/span><\/h3>\n<p>El museo se encuentra ubicado en un edificio que es el \u00fanico resto de las murallas de la Ciudad de Haro, en la plaza de la Paz.<\/p>\n<p>Dentro de \u00e9l podr\u00e1s descubrir una magn\u00edfica colecci\u00f3n de Arte Contempor\u00e1neo de reconocidos autores riojanos en la primera y la tercera planta. En la segunda, podr\u00e1s admirar la exposici\u00f3n de la obra de Emilio Garc\u00eda Moreda (1934-1983).<\/p>\n<p>La entrada es gratuita y el horario de verano es de martes a s\u00e1bados y festivos de 11:00. a 14:00 y de 18:00 a 21:00. Los domingos est\u00e1 abierto de 11:00 a 14:30.<\/p>\n<p><a href=\"http:\/\/vivancoculturadevino.es\/blog\/wp-content\/uploads\/2015\/08\/MUSEO-TORRE\u00d3N-HARO.jpg\"><img loading=\"lazy\" decoding=\"async\" width=\"1024\" height=\"768\" class=\"aligncenter size-large wp-image-1414\" src=\"\/\/vivancoculturadevino.es\/blog\/wp-content\/uploads\/2015\/08\/MUSEO-TORRE\u00d3N-HARO-1024x768.jpg\" alt=\"MUSEO TORRE\u00d3N HARO\" srcset=\"https:\/\/vivancoculturadevino.es\/blog\/wp-content\/uploads\/2015\/08\/MUSEO-TORRE\u00d3N-HARO-1024x768.jpg 1024w, https:\/\/vivancoculturadevino.es\/blog\/wp-content\/uploads\/2015\/08\/MUSEO-TORRE\u00d3N-HARO-300x225.jpg 300w, https:\/\/vivancoculturadevino.es\/blog\/wp-content\/uploads\/2015\/08\/MUSEO-TORRE\u00d3N-HARO.jpg 1659w\" sizes=\"(max-width: 1024px) 100vw, 1024px\" \/><\/a><\/p>\n<p style=\"text-align: center;\"><strong>Museo de Arte Contempor\u00e1neo El Torre\u00f3n.<\/strong> Autor: <a href=\"https:\/\/www.flickr.com\/photos\/juantiagues\/12053890593\/\" target=\"_blank\" rel=\"nofollow\">juantigues<\/a><\/p>\n<h3><span lang=\"ES-TRAD\">Museo al aire libre<\/span><\/h3>\n<p>Haro constituye en s\u00ed mismo un museo al aire libre gracias a las m\u00faltiples esculturas que podemos encontrar repartidas por toda la ciudad.<\/p>\n<p>Son de diversos estilos, realistas, contempor\u00e1neas&#8230; y todas tienen un tema en com\u00fan, los oficios y el mundo del vino.<\/p>\n<h3><span lang=\"ES-TRAD\">Museo Vivanco de la Cultura del Vino<\/span><\/h3>\n<p>A escasos 5 minutos de Haro se encuentra el <a title=\"Museo Vivanco\" href=\"http:\/\/www.vivancoculturadevino.es\/vivanco\/?tsource=tsCom\" target=\"_blank\">Museo Vivanco<\/a>, un imprescindible de La Rioja. Aqu\u00ed te transportar\u00e1s a un mundo de sensaciones donde el vino cobra todo el protagonismo, donde se combina el amor por el vino con un espacio de conocimiento enol\u00f3gico contempor\u00e1neo.<\/p>\n<p>En el museo podr\u00e1s conocer cu\u00e1l ha sido la relaci\u00f3n que el hombre ha tenido con el vino durante 8.000 a\u00f1os de historia. Entender\u00e1s por qu\u00e9 el vino fue un elemento civilizador a trav\u00e9s de sus exposiciones.<\/p>\n<p><a href=\"http:\/\/vivancoculturadevino.es\/blog\/wp-content\/uploads\/2015\/08\/VIVANCO-SALA-PICASSO.jpg\"><img loading=\"lazy\" decoding=\"async\" width=\"1024\" height=\"679\" class=\"aligncenter size-large wp-image-1415\" src=\"\/\/vivancoculturadevino.es\/blog\/wp-content\/uploads\/2015\/08\/VIVANCO-SALA-PICASSO-1024x679.jpg\" alt=\"VIVANCO SALA PICASSO\" srcset=\"https:\/\/vivancoculturadevino.es\/blog\/wp-content\/uploads\/2015\/08\/VIVANCO-SALA-PICASSO-1024x679.jpg 1024w, https:\/\/vivancoculturadevino.es\/blog\/wp-content\/uploads\/2015\/08\/VIVANCO-SALA-PICASSO-300x199.jpg 300w, https:\/\/vivancoculturadevino.es\/blog\/wp-content\/uploads\/2015\/08\/VIVANCO-SALA-PICASSO.jpg 1500w\" sizes=\"(max-width: 1024px) 100vw, 1024px\" \/><\/a><\/p>\n<p>El museo tiene un espacio de 4.000 metros cuadrados compuesto por seis salas. Cinco de estas salas albergan exposiciones permanentes y la sobrante es para las temporales.<\/p>\n<p>En el exterior podr\u00e1s admirar el precioso Jard\u00edn de Baco, un espacio donde nos muestran una colecci\u00f3n de vides con m\u00e1s de 220 variedades de uva de todo el mundo.<\/p>\n<p>Tambi\u00e9n podr\u00e1s ver expuestos los utensilios que se utilizaban en los procesos de elaboraci\u00f3n del vino, una importante colecci\u00f3n de objetos etnogr\u00e1ficos cuidada al detalle.<\/p>\n<p><a href=\"http:\/\/vivancoculturadevino.es\/blog\/wp-content\/uploads\/2015\/08\/MUSEO-VIVANCO-SALA.jpg\"><img loading=\"lazy\" decoding=\"async\" width=\"1024\" height=\"771\" class=\"aligncenter size-large wp-image-1416\" src=\"\/\/vivancoculturadevino.es\/blog\/wp-content\/uploads\/2015\/08\/MUSEO-VIVANCO-SALA-1024x771.jpg\" alt=\"MUSEO VIVANCO SALA\" srcset=\"https:\/\/vivancoculturadevino.es\/blog\/wp-content\/uploads\/2015\/08\/MUSEO-VIVANCO-SALA-1024x771.jpg 1024w, https:\/\/vivancoculturadevino.es\/blog\/wp-content\/uploads\/2015\/08\/MUSEO-VIVANCO-SALA-300x226.jpg 300w, https:\/\/vivancoculturadevino.es\/blog\/wp-content\/uploads\/2015\/08\/MUSEO-VIVANCO-SALA.jpg 1215w\" sizes=\"(max-width: 1024px) 100vw, 1024px\" \/><\/a><\/p>\n<p>Adem\u00e1s, podr\u00e1s visitar las bodegas y aprenderlo todo sobre la vendimia, el cultivo de la vid y las t\u00e9cnicas de elaboraci\u00f3n del vino.<\/p>\n<p><a href=\"http:\/\/vivancoculturadevino.es\/blog\/wp-content\/uploads\/2015\/08\/VIVANCO-BARRICAS.jpg\"><img loading=\"lazy\" decoding=\"async\" width=\"1024\" height=\"701\" class=\"aligncenter size-large wp-image-1417\" src=\"\/\/vivancoculturadevino.es\/blog\/wp-content\/uploads\/2015\/08\/VIVANCO-BARRICAS-1024x701.jpg\" alt=\"VIVANCO BARRICAS\" srcset=\"https:\/\/vivancoculturadevino.es\/blog\/wp-content\/uploads\/2015\/08\/VIVANCO-BARRICAS-1024x701.jpg 1024w, https:\/\/vivancoculturadevino.es\/blog\/wp-content\/uploads\/2015\/08\/VIVANCO-BARRICAS-300x205.jpg 300w, https:\/\/vivancoculturadevino.es\/blog\/wp-content\/uploads\/2015\/08\/VIVANCO-BARRICAS.jpg 1049w\" sizes=\"(max-width: 1024px) 100vw, 1024px\" \/><\/a><\/p>\n<p><strong>No puedes marcharte de La Rioja sin visitar el Museo Vivanco, una experiencia inolvidable.<\/strong><\/p>\n<h2 style=\"text-align: center;\" align=\"center\"><span lang=\"ES-TRAD\">Fiestas<\/span><\/h2>\n<p>Haro es conocida por sus divertidas y multitudinarias fiestas.<\/p>\n<h3><span lang=\"ES-TRAD\">Fiestas de San Juan, San Felices y San Pedro<\/span><\/h3>\n<p><strong>En junio se celebra la festividad de San Juan, San Felices y San Pedro.<\/strong><\/p>\n<p>La noche del 23 y la madrugada del 24 se celebran las t\u00edpicas <strong>hogueras de San Juan y el llamado &#8220;Amanecer del Chocolate&#8221;<\/strong>, cuando se hace un desayuno a primera hora con chocolate y moscatel.<\/p>\n<p>El d\u00eda 25 es el d\u00eda de San Felices de Bilibio, patr\u00f3n de Haro. En este d\u00eda se saca en <strong>procesi\u00f3n las arquetas que guardan las reliquias de San Felices y San Mill\u00e1n.<\/strong><\/p>\n<p>El d\u00eda 29 es la festividad de San Pedro. Es el d\u00eda grande de las fiestas de junio porque en este d\u00eda <strong>se celebra la famosa <a title=\"Batalla del vino de Haro\" href=\"http:\/\/vivancoculturadevino.es\/blog\/2015\/06\/24\/batalla-vino-haro-la-rioja\/\" target=\"_blank\">Batalla del Vino de Haro<\/a>.<\/strong><\/p>\n<h3><span lang=\"ES-TRAD\">Fiestas de Nuestra Se\u00f1ora de la Vega<\/span><\/h3>\n<p>En esta ocasi\u00f3n las fiestas son en honor a la patrona de la ciudad, la Virgen de la Vega.<\/p>\n<p>El <strong>primer domingo de septiembre<\/strong> se celebra una romer\u00eda en la que se sube a los Riscos de Bilibio, donde se hace una comida de hermandad y se celebran actos como como las &#8220;<strong>guapas de Bilibio&#8221;<\/strong>. Cuando se regresa a Haro, se hacen las famosas <strong>&#8220;vueltas&#8221; a la plaza de la paz<\/strong>, la misma tradici\u00f3n que se hace el 29 de junio tras la Batalla del Vino.<\/p>\n<p>El d\u00eda 8, festividad de la Virgen de la Vega, se hace un <strong>concurso de versos y piropos a la virgen<\/strong> en los Jardines de la Vega, <strong>una ofrenda floral y la bendici\u00f3n de las espigas<\/strong>. Cuando anochece se saca en procesi\u00f3n a la virgen, acto que se conoce como el <strong>Rosario de los Faroles<\/strong> y que fue declarado de Inter\u00e9s Tur\u00edstico Regional en 1999.<\/p>\n<p>Por \u00faltimo, el d\u00eda 11 de septiembre se celebra la tradicional <strong>&#8220;Jira&#8221;<\/strong> en el paraje de Fuente del Moro, donde las pe\u00f1as y los asistentes dan una vuelta por la ciudad portando antorchas, quemando fuegos artificiales y corriendo toros de fuego, todo ello acompa\u00f1ado de la m\u00fasica y el jubilo de las charangas. Y para finalizar, por la noche se celebra el acto que pone fin a las fiestas: <strong>el entierro de la cuba.<\/strong><\/p>\n<p><a href=\"http:\/\/vivancoculturadevino.es\/blog\/wp-content\/uploads\/2015\/08\/VIRGEN-DE-LA-VEGA-HARO.jpg\"><img loading=\"lazy\" decoding=\"async\" width=\"614\" height=\"1024\" class=\"aligncenter size-large wp-image-1418\" src=\"\/\/vivancoculturadevino.es\/blog\/wp-content\/uploads\/2015\/08\/VIRGEN-DE-LA-VEGA-HARO-614x1024.jpg\" alt=\"VIRGEN DE LA VEGA HARO\" srcset=\"https:\/\/vivancoculturadevino.es\/blog\/wp-content\/uploads\/2015\/08\/VIRGEN-DE-LA-VEGA-HARO-614x1024.jpg 614w, https:\/\/vivancoculturadevino.es\/blog\/wp-content\/uploads\/2015\/08\/VIRGEN-DE-LA-VEGA-HARO-180x300.jpg 180w, https:\/\/vivancoculturadevino.es\/blog\/wp-content\/uploads\/2015\/08\/VIRGEN-DE-LA-VEGA-HARO-300x501.jpg 300w, https:\/\/vivancoculturadevino.es\/blog\/wp-content\/uploads\/2015\/08\/VIRGEN-DE-LA-VEGA-HARO.jpg 1101w\" sizes=\"(max-width: 614px) 100vw, 614px\" \/><\/a><\/p>\n<p style=\"text-align: center;\"><strong>Virgen de la Vega de Haro.<\/strong> Autor: <a href=\"https:\/\/commons.wikimedia.org\/wiki\/File:Virgen_de_la_Vega_de_Haro.jpg\" target=\"_blank\" rel=\"nofollow\">BigSus<\/a><\/p>\n<p>Adem\u00e1s de los actos religiosos, durante la semana de fiestas podr\u00e9is disfrutar de verbenas, conciertos, desfiles de carrozas, campeonatos deportivos&#8230;<\/p>\n<h3><strong>La Cata del Barrio de la Estaci\u00f3n<\/strong><\/h3>\n<p><a href=\"http:\/\/vivancoculturadevino.es\/blog\/wp-content\/uploads\/2015\/08\/CATA-BARRIO-ESTACI\u00d3N-HARO.png\"><img loading=\"lazy\" decoding=\"async\" width=\"774\" height=\"450\" class=\"aligncenter size-full wp-image-1419\" src=\"\/\/vivancoculturadevino.es\/blog\/wp-content\/uploads\/2015\/08\/CATA-BARRIO-ESTACI\u00d3N-HARO.png\" alt=\"CATA BARRIO ESTACI\u00d3N HARO\" srcset=\"https:\/\/vivancoculturadevino.es\/blog\/wp-content\/uploads\/2015\/08\/CATA-BARRIO-ESTACI\u00d3N-HARO.png 774w, https:\/\/vivancoculturadevino.es\/blog\/wp-content\/uploads\/2015\/08\/CATA-BARRIO-ESTACI\u00d3N-HARO-300x174.png 300w\" sizes=\"(max-width: 774px) 100vw, 774px\" \/><\/a><\/p>\n<p>En el Barrio de la Estaci\u00f3n de Haro, que cuenta con m\u00e1s de 150 a\u00f1os de historia, se elaboran vinos desde mitad del siglo XIX. Este emblem\u00e1tico lugar presenta la mayor concentraci\u00f3n de bodegas centenarias del mundo, agrupadas en torno a la estaci\u00f3n de tren para aprovechar las ventajas comerciales.<\/p>\n<p>El pr\u00f3ximo 18 y 19 de septiembre se celebra <a title=\"La cata del Barrio de la Estaci\u00f3n\" href=\"http:\/\/lacatadelbarriodelaestacion.com\/\" target=\"_blank\" rel=\"nofollow\">La Cata del Barrio de la Estaci\u00f3n<\/a>, una cita anual muy interesante para los amantes del vino y para impulsar el enoturismo de la zona. Tiene previsto reunir unas 5.000 personas a las que dar a conocer los vinos a trav\u00e9s de diversas actividades como catas y degustaciones.<\/p>\n<p>El viernes 18 de septiembre los protagonistas ser\u00e1n los profesionales del sector, que solo podr\u00e1n participar a trav\u00e9s de invitaci\u00f3n. Se realizar\u00e1 un seminario-cata hist\u00f3rica impartida por el \u201cMaster of Wine\u201d Tim Atkin y los asistentes disfrutar\u00e1n de una cena entre vi\u00f1edos.<\/p>\n<p>El s\u00e1bado 19 El Barrio de la Estaci\u00f3n abre sus puertas a los consumidores, que podr\u00e1n acceder gracias a\u00a0 sus <a title=\"Entradas Barrio de la Estaci\u00f3n\" href=\"http:\/\/lacatadelbarriodelaestacion.com\/tienda\/\" target=\"_blank\" rel=\"nofollow\">entradas <\/a>en horario continuado de 11 a 18:30. Durante estas horas el p\u00fablico se deleitar\u00e1 con degustaciones de las bodegas participantes y tapas t\u00edpicas de la regi\u00f3n riojana, al mismo tiempo que disfruta de la m\u00fasica y el ambiente de las calles gracias a la colaboraci\u00f3n del programa \u201cEl Rioja y los cinco sentidos\u201d.<\/p>\n<p>El evento cuenta con la colaboraci\u00f3n del Gobierno de La Rioja y con una iniciativa de promoci\u00f3n eno-gastron\u00f3mica denominada \u201cLa Rioja Capital\u201d, que han habilitado un <a title=\"Tren del Vino\" href=\"http:\/\/www.entradas.com\/www.entradas.com\/tickets.html?fun=erdetail&amp;affiliate=EES&amp;doc=erdetaila&amp;erid=1465475\" target=\"_blank\" rel=\"nofollow\">Tren del Vino<\/a>\u00a0entre Logro\u00f1o y Haro para facilitar la asistencia de los aficionados de este sector.<\/p>\n<p>Si eres un amante del vino no puedes perderte esta cita.<\/p>\n<p>&nbsp;<\/p>\n<p style=\"text-align: center;\"><strong>Para todo aquel que disfrute del turismo rural y cultural, Haro se antoja un destino perfecto. <\/strong><\/p>\n<p style=\"text-align: center;\"><strong>Y t\u00fa, \u00bfconoces otros atractivos tur\u00edsticos para visitarlo?<\/strong><\/p>\n","protected":false},"excerpt":{"rendered":"<p>Adem\u00e1s de los famosos vinos, en la Rioja podemos encontrar peque\u00f1os rincones para visitar, como la bonita localidad de Haro. Conoce sus fiestas, su historia y sus monumentos y ent\u00e9rate de las mejores actividades que ofrece. <\/p>\n","protected":false},"author":1,"featured_media":1407,"comment_status":"open","ping_status":"open","sticky":false,"template":"","format":"standard","meta":{"footnotes":"","_elementor_edit_mode":"","_elementor_template_type":"","_elementor_data":"","_elementor_page_settings":null,"_elementor_conditions":[]},"categories":[6],"tags":[145,143,26,90,116,67,144,146,4],"class_list":["post-1406","post","type-post","status-publish","format-standard","has-post-thumbnail","hentry","category-experiencias","tag-arquitectura","tag-bodegas","tag-enoturismo","tag-fiestas","tag-haro","tag-museo","tag-patrimonio","tag-rioja","tag-vino"],"yoast_head":"<!-- This site is optimized with the Yoast SEO plugin v26.8 - https:\/\/yoast.com\/product\/yoast-seo-wordpress\/ -->\n<title>\u00bfQu\u00e9 ver en Haro y alrededores? | Vivanco<\/title>\n<meta name=\"description\" content=\"La localidad riojana de Haro tiene una oferta tur\u00edstica de lo m\u00e1s completa. Conoce su historia, sus fiestas, bodegas y famosos monumentos.\" \/>\n<meta name=\"robots\" content=\"index, follow, max-snippet:-1, max-image-preview:large, max-video-preview:-1\" \/>\n<link rel=\"canonical\" href=\"https:\/\/vivancoculturadevino.es\/blog\/2015\/08\/25\/que-ver-haro-y-alrededores\/\" \/>\n<meta property=\"og:locale\" content=\"es_ES\" \/>\n<meta property=\"og:type\" content=\"article\" \/>\n<meta property=\"og:title\" content=\"\u00bfQu\u00e9 ver en Haro y alrededores? | Vivanco\" \/>\n<meta property=\"og:description\" content=\"La localidad riojana de Haro tiene una oferta tur\u00edstica de lo m\u00e1s completa. Conoce su historia, sus fiestas, bodegas y famosos monumentos.\" \/>\n<meta property=\"og:url\" content=\"https:\/\/vivancoculturadevino.es\/blog\/2015\/08\/25\/que-ver-haro-y-alrededores\/\" \/>\n<meta property=\"og:site_name\" content=\"Vivanco\" \/>\n<meta property=\"article:author\" content=\"https:\/\/www.facebook.com\/vivancoculturadevino\" \/>\n<meta property=\"article:published_time\" content=\"2015-08-25T08:44:48+00:00\" \/>\n<meta property=\"article:modified_time\" content=\"2018-10-10T08:16:56+00:00\" \/>\n<meta property=\"og:image\" content=\"https:\/\/vivancoculturadevino.es\/blog\/wp-content\/uploads\/2015\/08\/PARROQUIA-SANTO-TOM\u00c1S-HARO.jpg\" \/>\n\t<meta property=\"og:image:width\" content=\"2550\" \/>\n\t<meta property=\"og:image:height\" content=\"1350\" \/>\n\t<meta property=\"og:image:type\" content=\"image\/jpeg\" \/>\n<meta name=\"author\" content=\"Vivanco\" \/>\n<meta name=\"twitter:card\" content=\"summary_large_image\" \/>\n<meta name=\"twitter:creator\" content=\"@https:\/\/twitter.com\/Vivanco_es\" \/>\n<meta name=\"twitter:label1\" content=\"Escrito por\" \/>\n\t<meta name=\"twitter:data1\" content=\"Vivanco\" \/>\n\t<meta name=\"twitter:label2\" content=\"Tiempo de lectura\" \/>\n\t<meta name=\"twitter:data2\" content=\"11 minutos\" \/>\n<script type=\"application\/ld+json\" class=\"yoast-schema-graph\">{\"@context\":\"https:\/\/schema.org\",\"@graph\":[{\"@type\":\"Article\",\"@id\":\"https:\/\/vivancoculturadevino.es\/blog\/2015\/08\/25\/que-ver-haro-y-alrededores\/#article\",\"isPartOf\":{\"@id\":\"https:\/\/vivancoculturadevino.es\/blog\/2015\/08\/25\/que-ver-haro-y-alrededores\/\"},\"author\":{\"name\":\"Vivanco\",\"@id\":\"https:\/\/vivancoculturadevino.es\/blog\/#\/schema\/person\/745931ee54ccbb839d8df0cceb02db4c\"},\"headline\":\"\u00bfQu\u00e9 ver en Haro y alrededores?\",\"datePublished\":\"2015-08-25T08:44:48+00:00\",\"dateModified\":\"2018-10-10T08:16:56+00:00\",\"mainEntityOfPage\":{\"@id\":\"https:\/\/vivancoculturadevino.es\/blog\/2015\/08\/25\/que-ver-haro-y-alrededores\/\"},\"wordCount\":2123,\"commentCount\":6,\"publisher\":{\"@id\":\"https:\/\/vivancoculturadevino.es\/blog\/#organization\"},\"image\":{\"@id\":\"https:\/\/vivancoculturadevino.es\/blog\/2015\/08\/25\/que-ver-haro-y-alrededores\/#primaryimage\"},\"thumbnailUrl\":\"https:\/\/vivancoculturadevino.es\/blog\/wp-content\/uploads\/2015\/08\/PARROQUIA-SANTO-TOM\u00c1S-HARO.jpg\",\"keywords\":[\"Arquitectura\",\"Bodegas\",\"enoturismo\",\"fiestas\",\"Haro\",\"museo\",\"Patrimonio\",\"Rioja\",\"vino\"],\"articleSection\":[\"Compartiendo\"],\"inLanguage\":\"es\",\"potentialAction\":[{\"@type\":\"CommentAction\",\"name\":\"Comment\",\"target\":[\"https:\/\/vivancoculturadevino.es\/blog\/2015\/08\/25\/que-ver-haro-y-alrededores\/#respond\"]}]},{\"@type\":\"WebPage\",\"@id\":\"https:\/\/vivancoculturadevino.es\/blog\/2015\/08\/25\/que-ver-haro-y-alrededores\/\",\"url\":\"https:\/\/vivancoculturadevino.es\/blog\/2015\/08\/25\/que-ver-haro-y-alrededores\/\",\"name\":\"\u00bfQu\u00e9 ver en Haro y alrededores? | Vivanco\",\"isPartOf\":{\"@id\":\"https:\/\/vivancoculturadevino.es\/blog\/#website\"},\"primaryImageOfPage\":{\"@id\":\"https:\/\/vivancoculturadevino.es\/blog\/2015\/08\/25\/que-ver-haro-y-alrededores\/#primaryimage\"},\"image\":{\"@id\":\"https:\/\/vivancoculturadevino.es\/blog\/2015\/08\/25\/que-ver-haro-y-alrededores\/#primaryimage\"},\"thumbnailUrl\":\"https:\/\/vivancoculturadevino.es\/blog\/wp-content\/uploads\/2015\/08\/PARROQUIA-SANTO-TOM\u00c1S-HARO.jpg\",\"datePublished\":\"2015-08-25T08:44:48+00:00\",\"dateModified\":\"2018-10-10T08:16:56+00:00\",\"description\":\"La localidad riojana de Haro tiene una oferta tur\u00edstica de lo m\u00e1s completa. Conoce su historia, sus fiestas, bodegas y famosos monumentos.\",\"breadcrumb\":{\"@id\":\"https:\/\/vivancoculturadevino.es\/blog\/2015\/08\/25\/que-ver-haro-y-alrededores\/#breadcrumb\"},\"inLanguage\":\"es\",\"potentialAction\":[{\"@type\":\"ReadAction\",\"target\":[\"https:\/\/vivancoculturadevino.es\/blog\/2015\/08\/25\/que-ver-haro-y-alrededores\/\"]}]},{\"@type\":\"ImageObject\",\"inLanguage\":\"es\",\"@id\":\"https:\/\/vivancoculturadevino.es\/blog\/2015\/08\/25\/que-ver-haro-y-alrededores\/#primaryimage\",\"url\":\"https:\/\/vivancoculturadevino.es\/blog\/wp-content\/uploads\/2015\/08\/PARROQUIA-SANTO-TOM\u00c1S-HARO.jpg\",\"contentUrl\":\"https:\/\/vivancoculturadevino.es\/blog\/wp-content\/uploads\/2015\/08\/PARROQUIA-SANTO-TOM\u00c1S-HARO.jpg\",\"width\":2550,\"height\":1350},{\"@type\":\"BreadcrumbList\",\"@id\":\"https:\/\/vivancoculturadevino.es\/blog\/2015\/08\/25\/que-ver-haro-y-alrededores\/#breadcrumb\",\"itemListElement\":[{\"@type\":\"ListItem\",\"position\":1,\"name\":\"Portada\",\"item\":\"https:\/\/vivancoculturadevino.es\/blog\/\"},{\"@type\":\"ListItem\",\"position\":2,\"name\":\"\u00bfQu\u00e9 ver en Haro y alrededores?\"}]},{\"@type\":\"WebSite\",\"@id\":\"https:\/\/vivancoculturadevino.es\/blog\/#website\",\"url\":\"https:\/\/vivancoculturadevino.es\/blog\/\",\"name\":\"Vivanco\",\"description\":\"Una familia y una pasi\u00f3n: Compartir la cultura del vino\",\"publisher\":{\"@id\":\"https:\/\/vivancoculturadevino.es\/blog\/#organization\"},\"potentialAction\":[{\"@type\":\"SearchAction\",\"target\":{\"@type\":\"EntryPoint\",\"urlTemplate\":\"https:\/\/vivancoculturadevino.es\/blog\/?s={search_term_string}\"},\"query-input\":{\"@type\":\"PropertyValueSpecification\",\"valueRequired\":true,\"valueName\":\"search_term_string\"}}],\"inLanguage\":\"es\"},{\"@type\":\"Organization\",\"@id\":\"https:\/\/vivancoculturadevino.es\/blog\/#organization\",\"name\":\"Vivanco\",\"url\":\"https:\/\/vivancoculturadevino.es\/blog\/\",\"logo\":{\"@type\":\"ImageObject\",\"inLanguage\":\"es\",\"@id\":\"https:\/\/vivancoculturadevino.es\/blog\/#\/schema\/logo\/image\/\",\"url\":\"https:\/\/vivancoculturadevino.es\/blog\/wp-content\/uploads\/2026\/01\/Logo-blanco.svg\",\"contentUrl\":\"https:\/\/vivancoculturadevino.es\/blog\/wp-content\/uploads\/2026\/01\/Logo-blanco.svg\",\"width\":134,\"height\":43,\"caption\":\"Vivanco\"},\"image\":{\"@id\":\"https:\/\/vivancoculturadevino.es\/blog\/#\/schema\/logo\/image\/\"}},{\"@type\":\"Person\",\"@id\":\"https:\/\/vivancoculturadevino.es\/blog\/#\/schema\/person\/745931ee54ccbb839d8df0cceb02db4c\",\"name\":\"Vivanco\",\"image\":{\"@type\":\"ImageObject\",\"inLanguage\":\"es\",\"@id\":\"https:\/\/vivancoculturadevino.es\/blog\/#\/schema\/person\/image\/\",\"url\":\"https:\/\/secure.gravatar.com\/avatar\/61b66c59d132db2f7ad4dfd1cc89bbd508b4d5888ab39ddba99f2aca247b7fb3?s=96&d=mm&r=g\",\"contentUrl\":\"https:\/\/secure.gravatar.com\/avatar\/61b66c59d132db2f7ad4dfd1cc89bbd508b4d5888ab39ddba99f2aca247b7fb3?s=96&d=mm&r=g\",\"caption\":\"Vivanco\"},\"description\":\"Bodega, Fundaci\u00f3n, Experiencias. Compartiendo Cultura de Vino\",\"sameAs\":[\"http:\/\/www.vivancoculturadevino.es\",\"https:\/\/www.facebook.com\/vivancoculturadevino\",\"https:\/\/x.com\/https:\/\/twitter.com\/Vivanco_es\",\"https:\/\/www.youtube.com\/channel\/UC8a2nOiF7kAQNPPduAi2Evw\/videos\"],\"url\":\"https:\/\/vivancoculturadevino.es\/blog\/author\/administrator\/\"}]}<\/script>\n<!-- \/ Yoast SEO plugin. -->","yoast_head_json":{"title":"\u00bfQu\u00e9 ver en Haro y alrededores? | Vivanco","description":"La localidad riojana de Haro tiene una oferta tur\u00edstica de lo m\u00e1s completa. Conoce su historia, sus fiestas, bodegas y famosos monumentos.","robots":{"index":"index","follow":"follow","max-snippet":"max-snippet:-1","max-image-preview":"max-image-preview:large","max-video-preview":"max-video-preview:-1"},"canonical":"https:\/\/vivancoculturadevino.es\/blog\/2015\/08\/25\/que-ver-haro-y-alrededores\/","og_locale":"es_ES","og_type":"article","og_title":"\u00bfQu\u00e9 ver en Haro y alrededores? | Vivanco","og_description":"La localidad riojana de Haro tiene una oferta tur\u00edstica de lo m\u00e1s completa. Conoce su historia, sus fiestas, bodegas y famosos monumentos.","og_url":"https:\/\/vivancoculturadevino.es\/blog\/2015\/08\/25\/que-ver-haro-y-alrededores\/","og_site_name":"Vivanco","article_author":"https:\/\/www.facebook.com\/vivancoculturadevino","article_published_time":"2015-08-25T08:44:48+00:00","article_modified_time":"2018-10-10T08:16:56+00:00","og_image":[{"width":2550,"height":1350,"url":"https:\/\/vivancoculturadevino.es\/blog\/wp-content\/uploads\/2015\/08\/PARROQUIA-SANTO-TOM\u00c1S-HARO.jpg","type":"image\/jpeg"}],"author":"Vivanco","twitter_card":"summary_large_image","twitter_creator":"@https:\/\/twitter.com\/Vivanco_es","twitter_misc":{"Escrito por":"Vivanco","Tiempo de lectura":"11 minutos"},"schema":{"@context":"https:\/\/schema.org","@graph":[{"@type":"Article","@id":"https:\/\/vivancoculturadevino.es\/blog\/2015\/08\/25\/que-ver-haro-y-alrededores\/#article","isPartOf":{"@id":"https:\/\/vivancoculturadevino.es\/blog\/2015\/08\/25\/que-ver-haro-y-alrededores\/"},"author":{"name":"Vivanco","@id":"https:\/\/vivancoculturadevino.es\/blog\/#\/schema\/person\/745931ee54ccbb839d8df0cceb02db4c"},"headline":"\u00bfQu\u00e9 ver en Haro y alrededores?","datePublished":"2015-08-25T08:44:48+00:00","dateModified":"2018-10-10T08:16:56+00:00","mainEntityOfPage":{"@id":"https:\/\/vivancoculturadevino.es\/blog\/2015\/08\/25\/que-ver-haro-y-alrededores\/"},"wordCount":2123,"commentCount":6,"publisher":{"@id":"https:\/\/vivancoculturadevino.es\/blog\/#organization"},"image":{"@id":"https:\/\/vivancoculturadevino.es\/blog\/2015\/08\/25\/que-ver-haro-y-alrededores\/#primaryimage"},"thumbnailUrl":"https:\/\/vivancoculturadevino.es\/blog\/wp-content\/uploads\/2015\/08\/PARROQUIA-SANTO-TOM\u00c1S-HARO.jpg","keywords":["Arquitectura","Bodegas","enoturismo","fiestas","Haro","museo","Patrimonio","Rioja","vino"],"articleSection":["Compartiendo"],"inLanguage":"es","potentialAction":[{"@type":"CommentAction","name":"Comment","target":["https:\/\/vivancoculturadevino.es\/blog\/2015\/08\/25\/que-ver-haro-y-alrededores\/#respond"]}]},{"@type":"WebPage","@id":"https:\/\/vivancoculturadevino.es\/blog\/2015\/08\/25\/que-ver-haro-y-alrededores\/","url":"https:\/\/vivancoculturadevino.es\/blog\/2015\/08\/25\/que-ver-haro-y-alrededores\/","name":"\u00bfQu\u00e9 ver en Haro y alrededores? | Vivanco","isPartOf":{"@id":"https:\/\/vivancoculturadevino.es\/blog\/#website"},"primaryImageOfPage":{"@id":"https:\/\/vivancoculturadevino.es\/blog\/2015\/08\/25\/que-ver-haro-y-alrededores\/#primaryimage"},"image":{"@id":"https:\/\/vivancoculturadevino.es\/blog\/2015\/08\/25\/que-ver-haro-y-alrededores\/#primaryimage"},"thumbnailUrl":"https:\/\/vivancoculturadevino.es\/blog\/wp-content\/uploads\/2015\/08\/PARROQUIA-SANTO-TOM\u00c1S-HARO.jpg","datePublished":"2015-08-25T08:44:48+00:00","dateModified":"2018-10-10T08:16:56+00:00","description":"La localidad riojana de Haro tiene una oferta tur\u00edstica de lo m\u00e1s completa. Conoce su historia, sus fiestas, bodegas y famosos monumentos.","breadcrumb":{"@id":"https:\/\/vivancoculturadevino.es\/blog\/2015\/08\/25\/que-ver-haro-y-alrededores\/#breadcrumb"},"inLanguage":"es","potentialAction":[{"@type":"ReadAction","target":["https:\/\/vivancoculturadevino.es\/blog\/2015\/08\/25\/que-ver-haro-y-alrededores\/"]}]},{"@type":"ImageObject","inLanguage":"es","@id":"https:\/\/vivancoculturadevino.es\/blog\/2015\/08\/25\/que-ver-haro-y-alrededores\/#primaryimage","url":"https:\/\/vivancoculturadevino.es\/blog\/wp-content\/uploads\/2015\/08\/PARROQUIA-SANTO-TOM\u00c1S-HARO.jpg","contentUrl":"https:\/\/vivancoculturadevino.es\/blog\/wp-content\/uploads\/2015\/08\/PARROQUIA-SANTO-TOM\u00c1S-HARO.jpg","width":2550,"height":1350},{"@type":"BreadcrumbList","@id":"https:\/\/vivancoculturadevino.es\/blog\/2015\/08\/25\/que-ver-haro-y-alrededores\/#breadcrumb","itemListElement":[{"@type":"ListItem","position":1,"name":"Portada","item":"https:\/\/vivancoculturadevino.es\/blog\/"},{"@type":"ListItem","position":2,"name":"\u00bfQu\u00e9 ver en Haro y alrededores?"}]},{"@type":"WebSite","@id":"https:\/\/vivancoculturadevino.es\/blog\/#website","url":"https:\/\/vivancoculturadevino.es\/blog\/","name":"Vivanco","description":"Una familia y una pasi\u00f3n: Compartir la cultura del vino","publisher":{"@id":"https:\/\/vivancoculturadevino.es\/blog\/#organization"},"potentialAction":[{"@type":"SearchAction","target":{"@type":"EntryPoint","urlTemplate":"https:\/\/vivancoculturadevino.es\/blog\/?s={search_term_string}"},"query-input":{"@type":"PropertyValueSpecification","valueRequired":true,"valueName":"search_term_string"}}],"inLanguage":"es"},{"@type":"Organization","@id":"https:\/\/vivancoculturadevino.es\/blog\/#organization","name":"Vivanco","url":"https:\/\/vivancoculturadevino.es\/blog\/","logo":{"@type":"ImageObject","inLanguage":"es","@id":"https:\/\/vivancoculturadevino.es\/blog\/#\/schema\/logo\/image\/","url":"https:\/\/vivancoculturadevino.es\/blog\/wp-content\/uploads\/2026\/01\/Logo-blanco.svg","contentUrl":"https:\/\/vivancoculturadevino.es\/blog\/wp-content\/uploads\/2026\/01\/Logo-blanco.svg","width":134,"height":43,"caption":"Vivanco"},"image":{"@id":"https:\/\/vivancoculturadevino.es\/blog\/#\/schema\/logo\/image\/"}},{"@type":"Person","@id":"https:\/\/vivancoculturadevino.es\/blog\/#\/schema\/person\/745931ee54ccbb839d8df0cceb02db4c","name":"Vivanco","image":{"@type":"ImageObject","inLanguage":"es","@id":"https:\/\/vivancoculturadevino.es\/blog\/#\/schema\/person\/image\/","url":"https:\/\/secure.gravatar.com\/avatar\/61b66c59d132db2f7ad4dfd1cc89bbd508b4d5888ab39ddba99f2aca247b7fb3?s=96&d=mm&r=g","contentUrl":"https:\/\/secure.gravatar.com\/avatar\/61b66c59d132db2f7ad4dfd1cc89bbd508b4d5888ab39ddba99f2aca247b7fb3?s=96&d=mm&r=g","caption":"Vivanco"},"description":"Bodega, Fundaci\u00f3n, Experiencias. Compartiendo Cultura de Vino","sameAs":["http:\/\/www.vivancoculturadevino.es","https:\/\/www.facebook.com\/vivancoculturadevino","https:\/\/x.com\/https:\/\/twitter.com\/Vivanco_es","https:\/\/www.youtube.com\/channel\/UC8a2nOiF7kAQNPPduAi2Evw\/videos"],"url":"https:\/\/vivancoculturadevino.es\/blog\/author\/administrator\/"}]}},"_links":{"self":[{"href":"https:\/\/vivancoculturadevino.es\/blog\/wp-json\/wp\/v2\/posts\/1406","targetHints":{"allow":["GET"]}}],"collection":[{"href":"https:\/\/vivancoculturadevino.es\/blog\/wp-json\/wp\/v2\/posts"}],"about":[{"href":"https:\/\/vivancoculturadevino.es\/blog\/wp-json\/wp\/v2\/types\/post"}],"author":[{"embeddable":true,"href":"https:\/\/vivancoculturadevino.es\/blog\/wp-json\/wp\/v2\/users\/1"}],"replies":[{"embeddable":true,"href":"https:\/\/vivancoculturadevino.es\/blog\/wp-json\/wp\/v2\/comments?post=1406"}],"version-history":[{"count":13,"href":"https:\/\/vivancoculturadevino.es\/blog\/wp-json\/wp\/v2\/posts\/1406\/revisions"}],"predecessor-version":[{"id":3681,"href":"https:\/\/vivancoculturadevino.es\/blog\/wp-json\/wp\/v2\/posts\/1406\/revisions\/3681"}],"wp:featuredmedia":[{"embeddable":true,"href":"https:\/\/vivancoculturadevino.es\/blog\/wp-json\/wp\/v2\/media\/1407"}],"wp:attachment":[{"href":"https:\/\/vivancoculturadevino.es\/blog\/wp-json\/wp\/v2\/media?parent=1406"}],"wp:term":[{"taxonomy":"category","embeddable":true,"href":"https:\/\/vivancoculturadevino.es\/blog\/wp-json\/wp\/v2\/categories?post=1406"},{"taxonomy":"post_tag","embeddable":true,"href":"https:\/\/vivancoculturadevino.es\/blog\/wp-json\/wp\/v2\/tags?post=1406"}],"curies":[{"name":"wp","href":"https:\/\/api.w.org\/{rel}","templated":true}]}}