{"id":1272,"date":"2015-07-10T11:33:16","date_gmt":"2015-07-10T10:33:16","guid":{"rendered":"http:\/\/vivancoculturadevino.es\/blog\/?p=1272"},"modified":"2017-07-26T08:43:43","modified_gmt":"2017-07-26T07:43:43","slug":"ruta-monasterios-la-rioja","status":"publish","type":"post","link":"https:\/\/vivancoculturadevino.es\/blog\/2015\/07\/10\/ruta-monasterios-la-rioja\/","title":{"rendered":"La ruta de los Monasterios de La Rioja"},"content":{"rendered":"<p><strong>El patrimonio hist\u00f3rico-cultural de La Rioja tiene un valor incalculable<\/strong>. Ya te hemos contado en otras ocasiones otras rutas que no te puedes perder en esta comunidad como <a href=\"http:\/\/vivancoculturadevino.es\/blog\/2015\/03\/18\/ruta-castillos-encanto-la-rioja\/\" target=\"blank\">La Ruta de los Castillos<\/a> o <a href=\"http:\/\/vivancoculturadevino.es\/blog\/2015\/04\/16\/descubre-ruta-dinosaurios-la-rioja\/\" target=\"blank\">La Ruta de los Dinosaurios<\/a>. En esta ocasi\u00f3n queremos hablarte de una <strong>preciosa ruta por los impresionantes Monasterios de La Rioja.<\/strong><\/p>\n<h2>MONASTERIOS DE SAN MILL\u00c1N DE LA COGOLLA<\/h2>\n<p>Quiz\u00e1s los monasterios m\u00e1s conocidos de La Rioja sean los de <strong>San Mill\u00e1n de la Cogolla, el Monasterio Yuso y el Monasterio Suso<\/strong>. Ambos fueron declarados <strong>Patrimonio de la Humanidad el 4 de diciembre de 1997 por la UNESCO<\/strong>, por razones obviamente religiosas y arquitect\u00f3nicas pero tambi\u00e9n hist\u00f3ricas, art\u00edsticas, literarias y ling\u00fc\u00edsticas, puesto que San Mill\u00e1n ha sido considerado durante mucho tiempo como <strong>&#8220;La cuna del Castellano&#8221;.<\/strong><\/p>\n<p>La instituci\u00f3n religiosa de San Mill\u00e1n de la Cogolla se fund\u00f3 en el siglo VI.<br \/>\nEl Monasterio de Suso es el m\u00e1s antiguo y est\u00e1 situado en la parte alta de la monta\u00f1a y el Monasterio de Yuso, el m\u00e1s grande, est\u00e1 en la baja.<\/p>\n<p>Suso tiene diferentes estilos arquitect\u00f3nicos, debido a sus numerosas ampliaciones, entre los que destacan el estilo moz\u00e1rabe y el rom\u00e1nico. Este edificio es propiedad estatal y no est\u00e1 habitado desde la Desamortizaci\u00f3n de Mendiz\u00e1bal. Sin embargo, en Yuso vive una comunidad de frailes de la orden Agustinos Recoletos.<\/p>\n<p style=\"text-align: center;\"><a href=\"http:\/\/vivancoculturadevino.es\/blog\/wp-content\/uploads\/2015\/07\/monasterio-suso.jpg\" target=\"blank\"><img fetchpriority=\"high\" decoding=\"async\" width=\"660\" height=\"495\" class=\"aligncenter size-full wp-image-1273\" src=\"\/\/vivancoculturadevino.es\/blog\/wp-content\/uploads\/2015\/07\/monasterio-suso.jpg\" alt=\"monasterio suso\" srcset=\"https:\/\/vivancoculturadevino.es\/blog\/wp-content\/uploads\/2015\/07\/monasterio-suso.jpg 660w, https:\/\/vivancoculturadevino.es\/blog\/wp-content\/uploads\/2015\/07\/monasterio-suso-300x225.jpg 300w\" sizes=\"(max-width: 660px) 100vw, 660px\" \/><\/a><strong>Monasterio San Mill\u00e1n de Suso. <\/strong>Autor: <a href=\"https:\/\/www.flickr.com\/people\/10414027@N02\" target=\"blank\" rel=\"nofollow\">aherrero\u00a0<\/a><\/p>\n<p>Yuso, que fue construido bajo el estilo rom\u00e1nico, se destruye en el siglo XVI y se reconstruye en su totalidad con el estilo herreriano. En \u00e9l destaca la iglesia g\u00f3tica, la sacrist\u00eda barroca, el trascoro, el claustro renacentista, el archivo y la biblioteca de estilo veneciano que contiene c\u00f3dices y cantorales y el Sal\u00f3n de la lengua.<\/p>\n<p>Adem\u00e1s, en este edificio se alberga la sede del Centro Internacional de Investigaci\u00f3n de la Lengua Castellana, la Fundaci\u00f3n San Mill\u00e1n y la Asociaci\u00f3n de Amigos de San Mill\u00e1n.<\/p>\n<p style=\"text-align: center;\"><a href=\"http:\/\/vivancoculturadevino.es\/blog\/wp-content\/uploads\/2015\/07\/monasterio-yuso.jpg\" target=\"blank\"><img decoding=\"async\" width=\"660\" height=\"495\" class=\"aligncenter size-full wp-image-1274\" src=\"\/\/vivancoculturadevino.es\/blog\/wp-content\/uploads\/2015\/07\/monasterio-yuso.jpg\" alt=\"monasterio yuso\" srcset=\"https:\/\/vivancoculturadevino.es\/blog\/wp-content\/uploads\/2015\/07\/monasterio-yuso.jpg 660w, https:\/\/vivancoculturadevino.es\/blog\/wp-content\/uploads\/2015\/07\/monasterio-yuso-300x225.jpg 300w\" sizes=\"(max-width: 660px) 100vw, 660px\" \/><\/a><strong>Monasterio San Mill\u00e1n de Yuso<\/strong>. Autor: <a href=\"https:\/\/www.flickr.com\/photos\/myr_mariocassanenc\" target=\"blank\" rel=\"nofollow\">Mario Mart\u00ed<\/a><\/p>\n<p>El precio de las entradas es de 4 euros (Suso) y 6 euros (Yuso).<br \/>\nPuedes visitarlos:<\/p>\n<ul>\n<li>de 9:55 a 13: 25h y de 15:30 a 18:30h (Monasterio de Suso)<\/li>\n<li>de 10:00 a 13:00h y de 16:00 a 18:30h (Monasterio de Yuso)<\/li>\n<\/ul>\n<h2>MONASTERIO DE SANTA ELENA<\/h2>\n<p>El monasterio original se construy\u00f3 a mediados del siglo XVI aunque en la actualidad solo <strong>se conserva su iglesia, el claustro y algunas dependencias mon\u00e1sticas dentro de la clausura<\/strong>. De \u00e9l se puede visitar la iglesia, construida por los canteros Jos\u00e9 de la Puente Liermo y Pedro Ezquerra de Rozas en el siglo XVII. En su interior, importantes retablos de estilo rococ\u00f3 decoran la nave.<\/p>\n<p>Se encuentra en N\u00e1jera y se puede visitar todos los d\u00edas de 8:30 a 13:00h. y de 15:30 a 20:00h.<\/p>\n<h2>MONASTERIO DE SANTA MAR\u00cdA LA REAL<\/h2>\n<p>Este monasterio, tambi\u00e9n <strong>situado en N\u00e1jera<\/strong>, fue mandado construir en 1052 por el rey Don Garc\u00eda S\u00e1nchez III y su esposa.<\/p>\n<p style=\"text-align: center;\"><a href=\"http:\/\/vivancoculturadevino.es\/blog\/wp-content\/uploads\/2015\/07\/monasterio-santa-maria-real-najera.jpg\" target=\"blank\"><img decoding=\"async\" width=\"660\" height=\"545\" class=\"aligncenter size-full wp-image-1275\" src=\"\/\/vivancoculturadevino.es\/blog\/wp-content\/uploads\/2015\/07\/monasterio-santa-maria-real-najera.jpg\" alt=\"monasterio santa maria real najera\" srcset=\"https:\/\/vivancoculturadevino.es\/blog\/wp-content\/uploads\/2015\/07\/monasterio-santa-maria-real-najera.jpg 660w, https:\/\/vivancoculturadevino.es\/blog\/wp-content\/uploads\/2015\/07\/monasterio-santa-maria-real-najera-300x248.jpg 300w\" sizes=\"(max-width: 660px) 100vw, 660px\" \/><\/a><strong>Monasterio de Santa Elena, en el municipio de N\u00e1jera<\/strong>. Autor: Dietmar Giljohann<\/p>\n<p>En \u00e9l han convivido distintas \u00f3rdenes religiosas, pero desde 1895 los habitantes son frailes franciscanos.<\/p>\n<p>La iglesia del monasterio fue construida en 1516 y consta de tres naves y crucero. En los pies de la nave hay una imagen de Nuestra Se\u00f1ora de la Rosa de comienzos del siglo XIV. El retablo de la capilla mayor data de finales del siglo XVII y el coro es de principios del siglo XVI, siglo en el que tambi\u00e9n comenz\u00f3 a construirse el claustro.<\/p>\n<p>&nbsp;<\/p>\n<p style=\"text-align: center;\"><a href=\"http:\/\/vivancoculturadevino.es\/blog\/wp-content\/uploads\/2015\/07\/claustro-caballeros-maria-real-najera.jpg\" target=\"blank\"><img loading=\"lazy\" decoding=\"async\" width=\"660\" height=\"880\" class=\"aligncenter size-full wp-image-1276\" src=\"\/\/vivancoculturadevino.es\/blog\/wp-content\/uploads\/2015\/07\/claustro-caballeros-maria-real-najera.jpg\" alt=\"claustro caballeros maria real najera\" srcset=\"https:\/\/vivancoculturadevino.es\/blog\/wp-content\/uploads\/2015\/07\/claustro-caballeros-maria-real-najera.jpg 660w, https:\/\/vivancoculturadevino.es\/blog\/wp-content\/uploads\/2015\/07\/claustro-caballeros-maria-real-najera-225x300.jpg 225w, https:\/\/vivancoculturadevino.es\/blog\/wp-content\/uploads\/2015\/07\/claustro-caballeros-maria-real-najera-300x400.jpg 300w\" sizes=\"(max-width: 660px) 100vw, 660px\" \/><\/a><strong>Exterior del claustro y vista de la torre monacal<\/strong>. Autor: <a href=\"https:\/\/commons.wikimedia.org\/wiki\/User:Zarateman\" target=\"blank\" rel=\"nofollow\">Zarateman\u00a0<\/a><\/p>\n<p>Se conoce a este lugar como <strong>Claustro de los Caballeros<\/strong> porque fue el lugar donde entrenaron muchos nobles durante siglos. Las combinaciones de estilos hacen del monasterio un espectacular conjunto arquitect\u00f3nico.<\/p>\n<p>El precio de las visitas es de 3 euros y se puede visitar este verano de lunes a s\u00e1bado en horario de 10:00 a 13:00 y 16:00 a 19:00h.<\/p>\n<h2>MONASTERIO DE NUESTRA SE\u00d1ORA DE LA ASUNCI\u00d3N<\/h2>\n<p>Este monasterio se encuentra en <strong>Santo Domingo de La Calzada<\/strong>. Se empez\u00f3 a construir en el a\u00f1o 1610 y no fue hasta 1621 cuando concluyeron las obras. El monasterio depend\u00eda de la Abad\u00eda de las Huelgas de Burgos hasta 1873, cuando pas\u00f3 a jurisdicci\u00f3n de la di\u00f3cesis riojana Calahorra y La Calzada. Desde que se fund\u00f3 lo habitan monjas cistercienses.<\/p>\n<p>La iglesia del monasterio es de cruz latina con una sola nave. Est\u00e1 dividida en capillas por los contrafuertes laterales. Es una obra clasicista de los arquitectos Pedro de la Mata y Mat\u00edas de Asteazu.<\/p>\n<p>El monasterio tiene adem\u00e1s un <strong>albergue gratuito para peregrinos del Camino de Santiago<\/strong>.<br \/>\nEst\u00e1 abierto a los visitantes los meses de julio, agosto y septiembre, pero hay que llamar al 941 340 700 para concertar visitas.<\/p>\n<h2>MONASTERIO DE NUESTRA SE\u00d1ORA DE LA PIEDAD<\/h2>\n<p>El monasterio se empez\u00f3 a construir en 1514 en <strong>Casalarreina<\/strong>, aunque no fue hasta 10 a\u00f1os m\u00e1s tarde cuando se concluye. El estilo del conjunto monasterial es <strong>Reyes Cat\u00f3licos<\/strong> y tiene 55.000 m\u00b2. Est\u00e1 habitado por monjas Dominicas Contemplativas de Clausura y tiene el t\u00edtulo de ser el <strong>primer lugar de la Pen\u00ednsula Ib\u00e9rica<\/strong> en ser <strong>consagrado por un Papa,<\/strong> el papa Adriano VI.<\/p>\n<p style=\"text-align: center;\"><a href=\"http:\/\/vivancoculturadevino.es\/blog\/wp-content\/uploads\/2015\/07\/monasterio-senora-piedad.jpg\" target=\"blank\"><img loading=\"lazy\" decoding=\"async\" width=\"660\" height=\"495\" class=\"aligncenter size-full wp-image-1277\" src=\"\/\/vivancoculturadevino.es\/blog\/wp-content\/uploads\/2015\/07\/monasterio-senora-piedad.jpg\" alt=\"monasterio senora piedad\" srcset=\"https:\/\/vivancoculturadevino.es\/blog\/wp-content\/uploads\/2015\/07\/monasterio-senora-piedad.jpg 660w, https:\/\/vivancoculturadevino.es\/blog\/wp-content\/uploads\/2015\/07\/monasterio-senora-piedad-300x225.jpg 300w\" sizes=\"(max-width: 660px) 100vw, 660px\" \/><\/a><strong>Monasterio de Nuestra Se\u00f1ora de la Piedad, en el municipio riojano de Casalarreina<\/strong>. Autor: <a href=\"https:\/\/commons.wikimedia.org\/wiki\/User:Zarateman\" target=\"blank\" rel=\"nofollow\">Zarateman<\/a><\/p>\n<p>La entrada cuesta 3 euros y el horario var\u00eda seg\u00fan la estaci\u00f3n. De julio a septiembre hay visitas a las 17:00, 18:00, 19:00 y 19:30 h, de lunes a domingo.<\/p>\n<h2>MONASTERIO DE NUESTRA SE\u00d1ORA DE VALVANERA<\/h2>\n<p><strong>Lo pod\u00e9is visitar en la localidad de Anguiano<\/strong>. Este monasterio consta de un santuario, una torre que pertenec\u00eda a una antigua iglesia visig\u00f3tica, la iglesia actual que data del siglo XV y otras construcciones del siglo XX que <strong>rinden culto a la Patrona de la Rioja.<\/strong><\/p>\n<p>El nombre de la virgen &#8220;Valvanera&#8221; proviene del lat\u00edn &#8220;Vall\u00eds Venaria&#8221;, una expresi\u00f3n que significa &#8220;Valle de las venas de agua&#8221;, porque est\u00e1 situado en un valle que tiene abundantes cascadas, arroyos y fuentes.<\/p>\n<p style=\"text-align: center;\"><a href=\"http:\/\/vivancoculturadevino.es\/blog\/wp-content\/uploads\/2015\/07\/monasterio-senora-valvanera.jpg\" target=\"blank\"><img loading=\"lazy\" decoding=\"async\" width=\"660\" height=\"495\" class=\"aligncenter size-full wp-image-1278\" src=\"\/\/vivancoculturadevino.es\/blog\/wp-content\/uploads\/2015\/07\/monasterio-senora-valvanera.jpg\" alt=\"monasterio senora valvanera\" srcset=\"https:\/\/vivancoculturadevino.es\/blog\/wp-content\/uploads\/2015\/07\/monasterio-senora-valvanera.jpg 660w, https:\/\/vivancoculturadevino.es\/blog\/wp-content\/uploads\/2015\/07\/monasterio-senora-valvanera-300x225.jpg 300w\" sizes=\"(max-width: 660px) 100vw, 660px\" \/><\/a><strong>Monasterio de Nuestra Se\u00f1ora de Valvanera, a 1000 metros sobre el nivel del mar<\/strong>. Autor: Erevilla14<\/p>\n<p>En el altar mayor de la iglesia podr\u00e9is ver el camar\u00edn de la Virgen de Valvanera. El camar\u00edn es una capilla peque\u00f1a que se sit\u00faa detr\u00e1s del altar, en este caso se puede acceder a \u00e9l lateralmente. Alberga la imagen rom\u00e1nica de la Virgen de Valvanera.<\/p>\n<p>La entrada a este precioso monasterio es gratuita y se puede visitar de lunes a domingo de 9:00 a 19:00h.<\/p>\n<h2>MONASTERIO DE VICO<\/h2>\n<p><strong>Situado en Arnedo<\/strong>, este monasterio se fund\u00f3 en 1456 por el franciscano Fray L\u00f3pez de Salinas. En \u00e9l viven las <strong>hermanas de la Comunidad del C\u00edster<\/strong> y como dato curioso, sobrevivi\u00f3 a dos incendios que se llevaron una valiosa biblioteca.<\/p>\n<p>Solo se puede visitar la iglesia y hay que llamar al 941 380 295 para concertar visita.<\/p>\n<h2>MONASTERIO DE SANTA MAR\u00cdA DE LA ESTRELLA<\/h2>\n<p>Este monasterio, cimentado sobre una antigua ermita, se encuentra en la <strong>localidad de San Asensio<\/strong>. Construido en 1419 inicialmente, no fue hasta 1951 cuando los Hermanos de las Escuelas Cristianas ordenan su reconstrucci\u00f3n de estilo neog\u00f3tico por el arquitecto Pedro Ispizua.<\/p>\n<p><a href=\"http:\/\/vivancoculturadevino.es\/blog\/wp-content\/uploads\/2015\/07\/monasterio-santa-maria-estrella.jpg\" target=\"blank\"><img loading=\"lazy\" decoding=\"async\" width=\"501\" height=\"357\" class=\"aligncenter size-full wp-image-1279\" src=\"\/\/vivancoculturadevino.es\/blog\/wp-content\/uploads\/2015\/07\/monasterio-santa-maria-estrella.jpg\" alt=\"monasterio santa maria estrella\" srcset=\"https:\/\/vivancoculturadevino.es\/blog\/wp-content\/uploads\/2015\/07\/monasterio-santa-maria-estrella.jpg 501w, https:\/\/vivancoculturadevino.es\/blog\/wp-content\/uploads\/2015\/07\/monasterio-santa-maria-estrella-300x214.jpg 300w\" sizes=\"(max-width: 501px) 100vw, 501px\" \/><\/a><\/p>\n<p>El monasterio cuenta con muchos atractivos, como el claustro g\u00f3tico del a\u00f1o 1430, la puerta de los Caballeros, la Fuente del Rey del siglo XVI, el sarc\u00f3fago de Arcediano, el santuario moderno de mediados del siglo XX o el sal\u00f3n de los peregrinos, aunque actualmente solo se puede visitar la iglesia. El horario de visitas es de lunes a s\u00e1bado de 9:00 a 13:00h y de 16:00 a 19:00h. Si vais en grupo deber\u00e9is llamar al 941 457 005 para hacer &gt;una reserva previa.<\/p>\n<h2>MONASTERIO DE SAN JOS\u00c9<\/h2>\n<p>Fundando en 1598 en <strong>Calahorra<\/strong> por monjas Descalzas de la Orden de Nuestra Se\u00f1ora del Monte Carmeno, el monasterio posee una preciosa iglesia consagrada en el a\u00f1o 1642. Tambi\u00e9n tiene una hospeder\u00eda con un amplio patio interior.<br \/>\nSi quieres visitarlo, el horario es de 10:00 a 13:00h y de 16:00 a 18:15h. El precio es la voluntad.<br \/>\nAdem\u00e1s, las monjas carmelitas que aqu\u00ed habitan hacen deliciosos dulces y pastas.<\/p>\n<h2>MONASTERIO DE SANTA MAR\u00cdA DEL SALVADOR<\/h2>\n<p>Este monasterio, conocido como <strong>Monasterio de Ca\u00f1as<\/strong> <strong>(localidad en la que se sit\u00faa)<\/strong>, tambi\u00e9n est\u00e1 habitado por <strong>monjas carmelitas<\/strong> que elaboran exquisitos dulces, confeccionan rosarios, decoran porcelana y tienen una peque\u00f1a hospeder\u00eda.<\/p>\n<p style=\"text-align: center;\"><a href=\"http:\/\/vivancoculturadevino.es\/blog\/wp-content\/uploads\/2015\/07\/monasterio-santa-maria-salvador.jpg\" target=\"blank\"><img loading=\"lazy\" decoding=\"async\" width=\"660\" height=\"493\" class=\"aligncenter size-full wp-image-1280\" src=\"\/\/vivancoculturadevino.es\/blog\/wp-content\/uploads\/2015\/07\/monasterio-santa-maria-salvador.jpg\" alt=\"monasterio santa maria salvador\" srcset=\"https:\/\/vivancoculturadevino.es\/blog\/wp-content\/uploads\/2015\/07\/monasterio-santa-maria-salvador.jpg 660w, https:\/\/vivancoculturadevino.es\/blog\/wp-content\/uploads\/2015\/07\/monasterio-santa-maria-salvador-300x224.jpg 300w\" sizes=\"(max-width: 660px) 100vw, 660px\" \/><\/a><strong>Monasterio de Santa Mar\u00eda del Salvador, en la localidad riojana de Ca\u00f1as.<\/strong> Autor: <a href=\"https:\/\/commons.wikimedia.org\/wiki\/User:Pigmentoazul\" target=\"blank\" rel=\"nofollow\">Pigmentoazul<\/a><\/p>\n<p>El monasterio consta de una iglesia con mucha luminosidad, una preciosa sala capitular con un sepulcro de estilo g\u00f3tico y una abad\u00eda que posee dos museos (una sala de reliquias y el museo de la cilla).<br \/>\nPara ver este precioso monumento tienes que acudir de martes a domingo de 10:00 a 13:30h y de 16:00 a 19:00h. Los domingos abren una hora m\u00e1s tarde, a las 11:00h. El precio de la entrada es de 4 euros.<\/p>\n<p>En esta comunidad aut\u00f3noma est\u00e1n los m\u00e1s bonitos e impresionantes monasterios de Espa\u00f1a pero como no es lo mismo que te lo contemos a que lo veas por ti mismo,<strong> \u00bfa qu\u00e9 esperas para adentrarte en esta ruta sagrada?<\/strong><\/p>\n","protected":false},"excerpt":{"rendered":"<p>Hacemos un recorrido por los impresionantes Monasterios de La Rioja. \u00bfTe animas conocer una de las rutas m\u00e1s representativas del patrimonio hist\u00f3rico-cultural de La Rioja?<\/p>\n","protected":false},"author":1,"featured_media":1278,"comment_status":"open","ping_status":"open","sticky":false,"template":"","format":"standard","meta":{"footnotes":"","_elementor_edit_mode":"","_elementor_template_type":"","_elementor_data":"","_elementor_page_settings":null,"_elementor_conditions":[]},"categories":[6],"tags":[37,123,104,86,27],"class_list":["post-1272","post","type-post","status-publish","format-standard","has-post-thumbnail","hentry","category-experiencias","tag-la-rioja","tag-monasterios","tag-rutas","tag-turismo","tag-visitar-la-rioja"],"yoast_head":"<!-- This site is optimized with the Yoast SEO plugin v26.8 - https:\/\/yoast.com\/product\/yoast-seo-wordpress\/ -->\n<title>La ruta de los Monasterios de La Rioja | Vivanco<\/title>\n<meta name=\"description\" content=\"Hacemos un recorrido por los impresionantes Monasterios de La Rioja. Visitamos los Monasterios de Yuso, Suso y el Monasterio de Santa Elena, Valvanera, entre otros.\" \/>\n<meta name=\"robots\" content=\"index, follow, max-snippet:-1, max-image-preview:large, max-video-preview:-1\" \/>\n<link rel=\"canonical\" href=\"https:\/\/vivancoculturadevino.es\/blog\/2015\/07\/10\/ruta-monasterios-la-rioja\/\" \/>\n<meta property=\"og:locale\" content=\"es_ES\" \/>\n<meta property=\"og:type\" content=\"article\" \/>\n<meta property=\"og:title\" content=\"La ruta de los Monasterios de La Rioja | Vivanco\" \/>\n<meta property=\"og:description\" content=\"Hacemos un recorrido por los impresionantes Monasterios de La Rioja. Visitamos los Monasterios de Yuso, Suso y el Monasterio de Santa Elena, Valvanera, entre otros.\" \/>\n<meta property=\"og:url\" content=\"https:\/\/vivancoculturadevino.es\/blog\/2015\/07\/10\/ruta-monasterios-la-rioja\/\" \/>\n<meta property=\"og:site_name\" content=\"Vivanco\" \/>\n<meta property=\"article:author\" content=\"https:\/\/www.facebook.com\/vivancoculturadevino\" \/>\n<meta property=\"article:published_time\" content=\"2015-07-10T10:33:16+00:00\" \/>\n<meta property=\"article:modified_time\" content=\"2017-07-26T07:43:43+00:00\" \/>\n<meta property=\"og:image\" content=\"https:\/\/vivancoculturadevino.es\/blog\/wp-content\/uploads\/2015\/07\/monasterio-senora-valvanera.jpg\" \/>\n\t<meta property=\"og:image:width\" content=\"660\" \/>\n\t<meta property=\"og:image:height\" content=\"495\" \/>\n\t<meta property=\"og:image:type\" content=\"image\/jpeg\" \/>\n<meta name=\"author\" content=\"Vivanco\" \/>\n<meta name=\"twitter:card\" content=\"summary_large_image\" \/>\n<meta name=\"twitter:creator\" content=\"@https:\/\/twitter.com\/Vivanco_es\" \/>\n<meta name=\"twitter:label1\" content=\"Escrito por\" \/>\n\t<meta name=\"twitter:data1\" content=\"Vivanco\" \/>\n\t<meta name=\"twitter:label2\" content=\"Tiempo de lectura\" \/>\n\t<meta name=\"twitter:data2\" content=\"8 minutos\" \/>\n<script type=\"application\/ld+json\" class=\"yoast-schema-graph\">{\"@context\":\"https:\/\/schema.org\",\"@graph\":[{\"@type\":\"Article\",\"@id\":\"https:\/\/vivancoculturadevino.es\/blog\/2015\/07\/10\/ruta-monasterios-la-rioja\/#article\",\"isPartOf\":{\"@id\":\"https:\/\/vivancoculturadevino.es\/blog\/2015\/07\/10\/ruta-monasterios-la-rioja\/\"},\"author\":{\"name\":\"Vivanco\",\"@id\":\"https:\/\/vivancoculturadevino.es\/blog\/#\/schema\/person\/745931ee54ccbb839d8df0cceb02db4c\"},\"headline\":\"La ruta de los Monasterios de La Rioja\",\"datePublished\":\"2015-07-10T10:33:16+00:00\",\"dateModified\":\"2017-07-26T07:43:43+00:00\",\"mainEntityOfPage\":{\"@id\":\"https:\/\/vivancoculturadevino.es\/blog\/2015\/07\/10\/ruta-monasterios-la-rioja\/\"},\"wordCount\":1569,\"commentCount\":2,\"publisher\":{\"@id\":\"https:\/\/vivancoculturadevino.es\/blog\/#organization\"},\"image\":{\"@id\":\"https:\/\/vivancoculturadevino.es\/blog\/2015\/07\/10\/ruta-monasterios-la-rioja\/#primaryimage\"},\"thumbnailUrl\":\"https:\/\/vivancoculturadevino.es\/blog\/wp-content\/uploads\/2015\/07\/monasterio-senora-valvanera.jpg\",\"keywords\":[\"La Rioja\",\"monasterios\",\"rutas\",\"turismo\",\"visitar la rioja\"],\"articleSection\":[\"Compartiendo\"],\"inLanguage\":\"es\",\"potentialAction\":[{\"@type\":\"CommentAction\",\"name\":\"Comment\",\"target\":[\"https:\/\/vivancoculturadevino.es\/blog\/2015\/07\/10\/ruta-monasterios-la-rioja\/#respond\"]}]},{\"@type\":\"WebPage\",\"@id\":\"https:\/\/vivancoculturadevino.es\/blog\/2015\/07\/10\/ruta-monasterios-la-rioja\/\",\"url\":\"https:\/\/vivancoculturadevino.es\/blog\/2015\/07\/10\/ruta-monasterios-la-rioja\/\",\"name\":\"La ruta de los Monasterios de La Rioja | Vivanco\",\"isPartOf\":{\"@id\":\"https:\/\/vivancoculturadevino.es\/blog\/#website\"},\"primaryImageOfPage\":{\"@id\":\"https:\/\/vivancoculturadevino.es\/blog\/2015\/07\/10\/ruta-monasterios-la-rioja\/#primaryimage\"},\"image\":{\"@id\":\"https:\/\/vivancoculturadevino.es\/blog\/2015\/07\/10\/ruta-monasterios-la-rioja\/#primaryimage\"},\"thumbnailUrl\":\"https:\/\/vivancoculturadevino.es\/blog\/wp-content\/uploads\/2015\/07\/monasterio-senora-valvanera.jpg\",\"datePublished\":\"2015-07-10T10:33:16+00:00\",\"dateModified\":\"2017-07-26T07:43:43+00:00\",\"description\":\"Hacemos un recorrido por los impresionantes Monasterios de La Rioja. Visitamos los Monasterios de Yuso, Suso y el Monasterio de Santa Elena, Valvanera, entre otros.\",\"breadcrumb\":{\"@id\":\"https:\/\/vivancoculturadevino.es\/blog\/2015\/07\/10\/ruta-monasterios-la-rioja\/#breadcrumb\"},\"inLanguage\":\"es\",\"potentialAction\":[{\"@type\":\"ReadAction\",\"target\":[\"https:\/\/vivancoculturadevino.es\/blog\/2015\/07\/10\/ruta-monasterios-la-rioja\/\"]}]},{\"@type\":\"ImageObject\",\"inLanguage\":\"es\",\"@id\":\"https:\/\/vivancoculturadevino.es\/blog\/2015\/07\/10\/ruta-monasterios-la-rioja\/#primaryimage\",\"url\":\"https:\/\/vivancoculturadevino.es\/blog\/wp-content\/uploads\/2015\/07\/monasterio-senora-valvanera.jpg\",\"contentUrl\":\"https:\/\/vivancoculturadevino.es\/blog\/wp-content\/uploads\/2015\/07\/monasterio-senora-valvanera.jpg\",\"width\":660,\"height\":495},{\"@type\":\"BreadcrumbList\",\"@id\":\"https:\/\/vivancoculturadevino.es\/blog\/2015\/07\/10\/ruta-monasterios-la-rioja\/#breadcrumb\",\"itemListElement\":[{\"@type\":\"ListItem\",\"position\":1,\"name\":\"Portada\",\"item\":\"https:\/\/vivancoculturadevino.es\/blog\/\"},{\"@type\":\"ListItem\",\"position\":2,\"name\":\"La ruta de los Monasterios de La Rioja\"}]},{\"@type\":\"WebSite\",\"@id\":\"https:\/\/vivancoculturadevino.es\/blog\/#website\",\"url\":\"https:\/\/vivancoculturadevino.es\/blog\/\",\"name\":\"Vivanco\",\"description\":\"Una familia y una pasi\u00f3n: Compartir la cultura del vino\",\"publisher\":{\"@id\":\"https:\/\/vivancoculturadevino.es\/blog\/#organization\"},\"potentialAction\":[{\"@type\":\"SearchAction\",\"target\":{\"@type\":\"EntryPoint\",\"urlTemplate\":\"https:\/\/vivancoculturadevino.es\/blog\/?s={search_term_string}\"},\"query-input\":{\"@type\":\"PropertyValueSpecification\",\"valueRequired\":true,\"valueName\":\"search_term_string\"}}],\"inLanguage\":\"es\"},{\"@type\":\"Organization\",\"@id\":\"https:\/\/vivancoculturadevino.es\/blog\/#organization\",\"name\":\"Vivanco\",\"url\":\"https:\/\/vivancoculturadevino.es\/blog\/\",\"logo\":{\"@type\":\"ImageObject\",\"inLanguage\":\"es\",\"@id\":\"https:\/\/vivancoculturadevino.es\/blog\/#\/schema\/logo\/image\/\",\"url\":\"https:\/\/vivancoculturadevino.es\/blog\/wp-content\/uploads\/2026\/01\/Logo-blanco.svg\",\"contentUrl\":\"https:\/\/vivancoculturadevino.es\/blog\/wp-content\/uploads\/2026\/01\/Logo-blanco.svg\",\"width\":134,\"height\":43,\"caption\":\"Vivanco\"},\"image\":{\"@id\":\"https:\/\/vivancoculturadevino.es\/blog\/#\/schema\/logo\/image\/\"}},{\"@type\":\"Person\",\"@id\":\"https:\/\/vivancoculturadevino.es\/blog\/#\/schema\/person\/745931ee54ccbb839d8df0cceb02db4c\",\"name\":\"Vivanco\",\"image\":{\"@type\":\"ImageObject\",\"inLanguage\":\"es\",\"@id\":\"https:\/\/vivancoculturadevino.es\/blog\/#\/schema\/person\/image\/\",\"url\":\"https:\/\/secure.gravatar.com\/avatar\/61b66c59d132db2f7ad4dfd1cc89bbd508b4d5888ab39ddba99f2aca247b7fb3?s=96&d=mm&r=g\",\"contentUrl\":\"https:\/\/secure.gravatar.com\/avatar\/61b66c59d132db2f7ad4dfd1cc89bbd508b4d5888ab39ddba99f2aca247b7fb3?s=96&d=mm&r=g\",\"caption\":\"Vivanco\"},\"description\":\"Bodega, Fundaci\u00f3n, Experiencias. Compartiendo Cultura de Vino\",\"sameAs\":[\"http:\/\/www.vivancoculturadevino.es\",\"https:\/\/www.facebook.com\/vivancoculturadevino\",\"https:\/\/x.com\/https:\/\/twitter.com\/Vivanco_es\",\"https:\/\/www.youtube.com\/channel\/UC8a2nOiF7kAQNPPduAi2Evw\/videos\"],\"url\":\"https:\/\/vivancoculturadevino.es\/blog\/author\/administrator\/\"}]}<\/script>\n<!-- \/ Yoast SEO plugin. -->","yoast_head_json":{"title":"La ruta de los Monasterios de La Rioja | Vivanco","description":"Hacemos un recorrido por los impresionantes Monasterios de La Rioja. Visitamos los Monasterios de Yuso, Suso y el Monasterio de Santa Elena, Valvanera, entre otros.","robots":{"index":"index","follow":"follow","max-snippet":"max-snippet:-1","max-image-preview":"max-image-preview:large","max-video-preview":"max-video-preview:-1"},"canonical":"https:\/\/vivancoculturadevino.es\/blog\/2015\/07\/10\/ruta-monasterios-la-rioja\/","og_locale":"es_ES","og_type":"article","og_title":"La ruta de los Monasterios de La Rioja | Vivanco","og_description":"Hacemos un recorrido por los impresionantes Monasterios de La Rioja. Visitamos los Monasterios de Yuso, Suso y el Monasterio de Santa Elena, Valvanera, entre otros.","og_url":"https:\/\/vivancoculturadevino.es\/blog\/2015\/07\/10\/ruta-monasterios-la-rioja\/","og_site_name":"Vivanco","article_author":"https:\/\/www.facebook.com\/vivancoculturadevino","article_published_time":"2015-07-10T10:33:16+00:00","article_modified_time":"2017-07-26T07:43:43+00:00","og_image":[{"width":660,"height":495,"url":"https:\/\/vivancoculturadevino.es\/blog\/wp-content\/uploads\/2015\/07\/monasterio-senora-valvanera.jpg","type":"image\/jpeg"}],"author":"Vivanco","twitter_card":"summary_large_image","twitter_creator":"@https:\/\/twitter.com\/Vivanco_es","twitter_misc":{"Escrito por":"Vivanco","Tiempo de lectura":"8 minutos"},"schema":{"@context":"https:\/\/schema.org","@graph":[{"@type":"Article","@id":"https:\/\/vivancoculturadevino.es\/blog\/2015\/07\/10\/ruta-monasterios-la-rioja\/#article","isPartOf":{"@id":"https:\/\/vivancoculturadevino.es\/blog\/2015\/07\/10\/ruta-monasterios-la-rioja\/"},"author":{"name":"Vivanco","@id":"https:\/\/vivancoculturadevino.es\/blog\/#\/schema\/person\/745931ee54ccbb839d8df0cceb02db4c"},"headline":"La ruta de los Monasterios de La Rioja","datePublished":"2015-07-10T10:33:16+00:00","dateModified":"2017-07-26T07:43:43+00:00","mainEntityOfPage":{"@id":"https:\/\/vivancoculturadevino.es\/blog\/2015\/07\/10\/ruta-monasterios-la-rioja\/"},"wordCount":1569,"commentCount":2,"publisher":{"@id":"https:\/\/vivancoculturadevino.es\/blog\/#organization"},"image":{"@id":"https:\/\/vivancoculturadevino.es\/blog\/2015\/07\/10\/ruta-monasterios-la-rioja\/#primaryimage"},"thumbnailUrl":"https:\/\/vivancoculturadevino.es\/blog\/wp-content\/uploads\/2015\/07\/monasterio-senora-valvanera.jpg","keywords":["La Rioja","monasterios","rutas","turismo","visitar la rioja"],"articleSection":["Compartiendo"],"inLanguage":"es","potentialAction":[{"@type":"CommentAction","name":"Comment","target":["https:\/\/vivancoculturadevino.es\/blog\/2015\/07\/10\/ruta-monasterios-la-rioja\/#respond"]}]},{"@type":"WebPage","@id":"https:\/\/vivancoculturadevino.es\/blog\/2015\/07\/10\/ruta-monasterios-la-rioja\/","url":"https:\/\/vivancoculturadevino.es\/blog\/2015\/07\/10\/ruta-monasterios-la-rioja\/","name":"La ruta de los Monasterios de La Rioja | Vivanco","isPartOf":{"@id":"https:\/\/vivancoculturadevino.es\/blog\/#website"},"primaryImageOfPage":{"@id":"https:\/\/vivancoculturadevino.es\/blog\/2015\/07\/10\/ruta-monasterios-la-rioja\/#primaryimage"},"image":{"@id":"https:\/\/vivancoculturadevino.es\/blog\/2015\/07\/10\/ruta-monasterios-la-rioja\/#primaryimage"},"thumbnailUrl":"https:\/\/vivancoculturadevino.es\/blog\/wp-content\/uploads\/2015\/07\/monasterio-senora-valvanera.jpg","datePublished":"2015-07-10T10:33:16+00:00","dateModified":"2017-07-26T07:43:43+00:00","description":"Hacemos un recorrido por los impresionantes Monasterios de La Rioja. Visitamos los Monasterios de Yuso, Suso y el Monasterio de Santa Elena, Valvanera, entre otros.","breadcrumb":{"@id":"https:\/\/vivancoculturadevino.es\/blog\/2015\/07\/10\/ruta-monasterios-la-rioja\/#breadcrumb"},"inLanguage":"es","potentialAction":[{"@type":"ReadAction","target":["https:\/\/vivancoculturadevino.es\/blog\/2015\/07\/10\/ruta-monasterios-la-rioja\/"]}]},{"@type":"ImageObject","inLanguage":"es","@id":"https:\/\/vivancoculturadevino.es\/blog\/2015\/07\/10\/ruta-monasterios-la-rioja\/#primaryimage","url":"https:\/\/vivancoculturadevino.es\/blog\/wp-content\/uploads\/2015\/07\/monasterio-senora-valvanera.jpg","contentUrl":"https:\/\/vivancoculturadevino.es\/blog\/wp-content\/uploads\/2015\/07\/monasterio-senora-valvanera.jpg","width":660,"height":495},{"@type":"BreadcrumbList","@id":"https:\/\/vivancoculturadevino.es\/blog\/2015\/07\/10\/ruta-monasterios-la-rioja\/#breadcrumb","itemListElement":[{"@type":"ListItem","position":1,"name":"Portada","item":"https:\/\/vivancoculturadevino.es\/blog\/"},{"@type":"ListItem","position":2,"name":"La ruta de los Monasterios de La Rioja"}]},{"@type":"WebSite","@id":"https:\/\/vivancoculturadevino.es\/blog\/#website","url":"https:\/\/vivancoculturadevino.es\/blog\/","name":"Vivanco","description":"Una familia y una pasi\u00f3n: Compartir la cultura del vino","publisher":{"@id":"https:\/\/vivancoculturadevino.es\/blog\/#organization"},"potentialAction":[{"@type":"SearchAction","target":{"@type":"EntryPoint","urlTemplate":"https:\/\/vivancoculturadevino.es\/blog\/?s={search_term_string}"},"query-input":{"@type":"PropertyValueSpecification","valueRequired":true,"valueName":"search_term_string"}}],"inLanguage":"es"},{"@type":"Organization","@id":"https:\/\/vivancoculturadevino.es\/blog\/#organization","name":"Vivanco","url":"https:\/\/vivancoculturadevino.es\/blog\/","logo":{"@type":"ImageObject","inLanguage":"es","@id":"https:\/\/vivancoculturadevino.es\/blog\/#\/schema\/logo\/image\/","url":"https:\/\/vivancoculturadevino.es\/blog\/wp-content\/uploads\/2026\/01\/Logo-blanco.svg","contentUrl":"https:\/\/vivancoculturadevino.es\/blog\/wp-content\/uploads\/2026\/01\/Logo-blanco.svg","width":134,"height":43,"caption":"Vivanco"},"image":{"@id":"https:\/\/vivancoculturadevino.es\/blog\/#\/schema\/logo\/image\/"}},{"@type":"Person","@id":"https:\/\/vivancoculturadevino.es\/blog\/#\/schema\/person\/745931ee54ccbb839d8df0cceb02db4c","name":"Vivanco","image":{"@type":"ImageObject","inLanguage":"es","@id":"https:\/\/vivancoculturadevino.es\/blog\/#\/schema\/person\/image\/","url":"https:\/\/secure.gravatar.com\/avatar\/61b66c59d132db2f7ad4dfd1cc89bbd508b4d5888ab39ddba99f2aca247b7fb3?s=96&d=mm&r=g","contentUrl":"https:\/\/secure.gravatar.com\/avatar\/61b66c59d132db2f7ad4dfd1cc89bbd508b4d5888ab39ddba99f2aca247b7fb3?s=96&d=mm&r=g","caption":"Vivanco"},"description":"Bodega, Fundaci\u00f3n, Experiencias. Compartiendo Cultura de Vino","sameAs":["http:\/\/www.vivancoculturadevino.es","https:\/\/www.facebook.com\/vivancoculturadevino","https:\/\/x.com\/https:\/\/twitter.com\/Vivanco_es","https:\/\/www.youtube.com\/channel\/UC8a2nOiF7kAQNPPduAi2Evw\/videos"],"url":"https:\/\/vivancoculturadevino.es\/blog\/author\/administrator\/"}]}},"_links":{"self":[{"href":"https:\/\/vivancoculturadevino.es\/blog\/wp-json\/wp\/v2\/posts\/1272","targetHints":{"allow":["GET"]}}],"collection":[{"href":"https:\/\/vivancoculturadevino.es\/blog\/wp-json\/wp\/v2\/posts"}],"about":[{"href":"https:\/\/vivancoculturadevino.es\/blog\/wp-json\/wp\/v2\/types\/post"}],"author":[{"embeddable":true,"href":"https:\/\/vivancoculturadevino.es\/blog\/wp-json\/wp\/v2\/users\/1"}],"replies":[{"embeddable":true,"href":"https:\/\/vivancoculturadevino.es\/blog\/wp-json\/wp\/v2\/comments?post=1272"}],"version-history":[{"count":4,"href":"https:\/\/vivancoculturadevino.es\/blog\/wp-json\/wp\/v2\/posts\/1272\/revisions"}],"predecessor-version":[{"id":1284,"href":"https:\/\/vivancoculturadevino.es\/blog\/wp-json\/wp\/v2\/posts\/1272\/revisions\/1284"}],"wp:featuredmedia":[{"embeddable":true,"href":"https:\/\/vivancoculturadevino.es\/blog\/wp-json\/wp\/v2\/media\/1278"}],"wp:attachment":[{"href":"https:\/\/vivancoculturadevino.es\/blog\/wp-json\/wp\/v2\/media?parent=1272"}],"wp:term":[{"taxonomy":"category","embeddable":true,"href":"https:\/\/vivancoculturadevino.es\/blog\/wp-json\/wp\/v2\/categories?post=1272"},{"taxonomy":"post_tag","embeddable":true,"href":"https:\/\/vivancoculturadevino.es\/blog\/wp-json\/wp\/v2\/tags?post=1272"}],"curies":[{"name":"wp","href":"https:\/\/api.w.org\/{rel}","templated":true}]}}