{"id":1169,"date":"2015-06-15T17:38:11","date_gmt":"2015-06-15T16:38:11","guid":{"rendered":"http:\/\/vivancoculturadevino.es\/blog\/?p=1169"},"modified":"2015-06-15T17:38:11","modified_gmt":"2015-06-15T16:38:11","slug":"jornadas-medievales-briones-la-rioja","status":"publish","type":"post","link":"https:\/\/vivancoculturadevino.es\/blog\/2015\/06\/15\/jornadas-medievales-briones-la-rioja\/","title":{"rendered":"Las Jornadas Medievales de Briones, La Rioja"},"content":{"rendered":"<p>En otro post te cont\u00e1bamos cuales eran las <a href=\"http:\/\/vivancoculturadevino.es\/blog\/2015\/03\/26\/fiestas-la-rioja\/\" target=\"blank\">fiestas m\u00e1s curiosas de La Rioja<\/a>, pero ahora que llega el momento, profundizamos en una de las m\u00e1s divertidas de la comunidad, las<strong> Jornadas Medievales de Briones<\/strong>.<\/p>\n<p style=\"text-align: center;\"><a href=\"http:\/\/vivancoculturadevino.es\/blog\/wp-content\/uploads\/2015\/06\/jornadas-medievales-pelea-briones1.jpg\" target=\"blank\"><img fetchpriority=\"high\" decoding=\"async\" width=\"661\" height=\"496\" class=\"aligncenter size-full wp-image-1171\" src=\"\/\/vivancoculturadevino.es\/blog\/wp-content\/uploads\/2015\/06\/jornadas-medievales-pelea-briones1.jpg\" alt=\"jornadas medievales pelea briones\" srcset=\"https:\/\/vivancoculturadevino.es\/blog\/wp-content\/uploads\/2015\/06\/jornadas-medievales-pelea-briones1.jpg 661w, https:\/\/vivancoculturadevino.es\/blog\/wp-content\/uploads\/2015\/06\/jornadas-medievales-pelea-briones1-300x225.jpg 300w\" sizes=\"(max-width: 661px) 100vw, 661px\" \/><\/a>Combate con espadas entre guerreros. Autor: <a href=\"http:\/\/commons.wikimedia.org\/wiki\/Category:Images_created_by_BigSus\" target=\"blank\" rel=\"nofollow\">BigSus<\/a><\/p>\n<p>A continuaci\u00f3n te damos <strong>10 razones por las que no puedes perderte estas fiestas<\/strong>:<\/p>\n<ol>\n<li>Porque fueron declaradas de Inter\u00e9s Tur\u00edstico Regional en 2006 y Nacional en 2012.<\/li>\n<li>Porque son unas jornadas consolidadas que se llevan celebrando desde el a\u00f1o 1996.<\/li>\n<li>Porque <strong>se celebran en el precioso municipio de Briones<\/strong>, donde adem\u00e1s de las jornadas hay otros muchos atractivos tur\u00edsticos como te contamos <a href=\"http:\/\/vivancoculturadevino.es\/blog\/2015\/05\/22\/ver-briones-la-rioja\/\" target=\"blank\">aqu\u00ed<\/a>.<\/li>\n<li>Porque <strong>se celebran en verano, concretamente los pr\u00f3ximos d\u00edas 20 y 21 de junio<\/strong>. \u00bfA qui\u00e9n no le apetece una buena fiesta con el buen tiempo?<\/li>\n<li>Porque atraen a un gran n\u00famero de visitantes, unas 50.000 personas cada a\u00f1o.<\/li>\n<li>Porque durante dos d\u00edas te sentir\u00e1s parte de una \u00e9poca pasada. <strong>Podr\u00e1s vivir y experimentar en primera persona la manera de vivir de la Edad Media.<\/strong><\/li>\n<li>Porque cada a\u00f1o unas 700 personas se disfrazan y se visten con los atav\u00edos de la \u00e9poca consiguiendo crear un ambiente aut\u00e9ntico e inimitable.<\/li>\n<li>Porque podr\u00e1s conocer cu\u00e1les eran los oficios del medievo gracias a los numerosos portales tem\u00e1ticos en los que se representan las labores y costumbres del pasado.<\/li>\n<li>Porque podr\u00e1s disfrutar de representaciones teatrales, bailes, espect\u00e1culos y un sin fin de actividades que te detallaremos.<\/li>\n<li>Y como no podr\u00eda ser de otra manera, podr\u00e1s degustar los mejores platos de la gastronom\u00eda riojana, sin olvidar, por supuesto, los mejores vinos con Denominaci\u00f3n de Origen Calificada La Rioja.<\/li>\n<\/ol>\n<p><strong>\u00bfTe hemos convencido? Si quieres unirte a esta divertida fiesta, te damos toda la informaci\u00f3n que necesitas. \u00a1Sigue leyendo!<\/strong><\/p>\n<div style=\"text-align: center;\">\n<p><iframe width=\"620\" height=\"349\" src=\"https:\/\/www.youtube.com\/embed\/-Efk4qB6BHM?feature=oembed\" frameborder=\"0\" allowfullscreen><\/iframe><br \/>\nDesfile inaugural de las jornadas medievales de Briones<\/p>\n<\/div>\n<h2>\u00bfD\u00d3NDE Y CU\u00c1NDO?<\/h2>\n<p><strong>En Briones, municipio de La Rioja<\/strong>, ubicado a tan solo 39 kil\u00f3metros de Logro\u00f1o y 7 km de Haro. Tiene una superficie total de 38 kil\u00f3metros cuadrados y en \u00e9l habitan 856 personas. Las jornadas medievales <strong>se celebran los d\u00edas 20 y 21 de junio de 2015<\/strong>.<\/p>\n<p style=\"text-align: center;\"><a href=\"http:\/\/vivancoculturadevino.es\/blog\/wp-content\/uploads\/2015\/06\/vista-briones-vi\u00f1edos.jpg\" target=\"blank\"><img decoding=\"async\" width=\"660\" height=\"380\" class=\"aligncenter size-full wp-image-1172\" src=\"\/\/vivancoculturadevino.es\/blog\/wp-content\/uploads\/2015\/06\/vista-briones-vi\u00f1edos.jpg\" alt=\"vista briones vinedos\" srcset=\"https:\/\/vivancoculturadevino.es\/blog\/wp-content\/uploads\/2015\/06\/vista-briones-vi\u00f1edos.jpg 660w, https:\/\/vivancoculturadevino.es\/blog\/wp-content\/uploads\/2015\/06\/vista-briones-vi\u00f1edos-300x173.jpg 300w, https:\/\/vivancoculturadevino.es\/blog\/wp-content\/uploads\/2015\/06\/vista-briones-vi\u00f1edos-290x166.jpg 290w\" sizes=\"(max-width: 660px) 100vw, 660px\" \/><\/a>Vista de Briones, rodeada de vi\u00f1edos riojanos<\/p>\n<h2>\u00bfC\u00d3MO SE PREPARA?<\/h2>\n<p><strong>La Asociaci\u00f3n &#8220;Briones Medieval&#8221; organiza las jornadas desde el a\u00f1o 1996<\/strong>. Su labor es tan importante que se convirti\u00f3 en la primera Asociaci\u00f3n Cultural de Espa\u00f1a en 2005, obtuvo el Certificado de Registro de Empresa y la \u201cQ\u201d de Calidad.<br \/>\nEsta asociaci\u00f3n est\u00e1 formada por personas del municipio y es una asociaci\u00f3n cultural sin \u00e1nimo de lucro.<\/p>\n<p>Cada noviembre empiezan a preparar las jornadas, extendi\u00e9ndose la tarea hasta el mismo mes de junio. Se hacen reuniones, se preparan los presupuestos, se contratan los grupos, se encargan de adornar las calles, de coser el vestuario, trajes y banderas, de hacer carteles, de ambientar los portales&#8230; en definitiva, de <strong>preparar minuciosamente la villa de Briones para que est\u00e9 perfecta durante las jornadas.<\/strong><\/p>\n<h2>\u00bfQU\u00c9 SE HACE? CONTENIDOS M\u00c1S CURIOSOS<\/h2>\n<p><strong>Estas fiestas rememoran la Paz de Briones<\/strong> firmada el 31 de Marzo de 1739 por Enrique II de Trast\u00e1mara, el rey de Castilla y Carlos II, rey de Navarra.<\/p>\n<p>Durante dos d\u00edas, se hace un regreso al pasado y <strong>se recrea con todo lujo de detalles la manera de vivir el siglo XIV, durante la Edad Media.<\/strong><\/p>\n<p>Se engalanan las calles de la villa de tal manera, que los adornos combinados con el casco antiguo no dejan lugar a duda de estar en presencia de un pueblo medieval. Hay numerosos portales tem\u00e1ticos donde los habitantes de Briones, muy bien caracterizados, representan los antiguos oficios medievales, pero adem\u00e1s hay continuos espect\u00e1culos complementarios que hacen que hasta las propias calles del municipio cobren vida.<\/p>\n<p style=\"text-align: center;\"><a href=\"http:\/\/vivancoculturadevino.es\/blog\/wp-content\/uploads\/2015\/06\/herrero-fiestas-medievales-briones.jpg\" target=\"blank\"><img decoding=\"async\" width=\"661\" height=\"496\" class=\"aligncenter size-full wp-image-1173\" src=\"\/\/vivancoculturadevino.es\/blog\/wp-content\/uploads\/2015\/06\/herrero-fiestas-medievales-briones.jpg\" alt=\"herrero fiestas medievales briones\" srcset=\"https:\/\/vivancoculturadevino.es\/blog\/wp-content\/uploads\/2015\/06\/herrero-fiestas-medievales-briones.jpg 661w, https:\/\/vivancoculturadevino.es\/blog\/wp-content\/uploads\/2015\/06\/herrero-fiestas-medievales-briones-300x225.jpg 300w\" sizes=\"(max-width: 661px) 100vw, 661px\" \/><\/a>Portal del oficio del herrero. Autor: BigSus<\/p>\n<p><a href=\"http:\/\/vivancoculturadevino.es\/blog\/wp-content\/uploads\/2015\/06\/jornadas-medievales-briones.jpg\" target=\"blank\"><img loading=\"lazy\" decoding=\"async\" width=\"660\" height=\"495\" class=\"aligncenter size-full wp-image-1174\" src=\"\/\/vivancoculturadevino.es\/blog\/wp-content\/uploads\/2015\/06\/jornadas-medievales-briones.jpg\" alt=\"jornadas medievales briones\" srcset=\"https:\/\/vivancoculturadevino.es\/blog\/wp-content\/uploads\/2015\/06\/jornadas-medievales-briones.jpg 660w, https:\/\/vivancoculturadevino.es\/blog\/wp-content\/uploads\/2015\/06\/jornadas-medievales-briones-300x225.jpg 300w\" sizes=\"(max-width: 660px) 100vw, 660px\" \/><\/a><\/p>\n<p>Destacan los <strong>combates con espadas entre guerreros navarros y castellanos<\/strong>, los <em>juicios por brujer\u00eda de la Santa Inquisici\u00f3n<\/em>, el pase de la baqueta, los conciertos, el <strong>espect\u00e1culo de luz y sonido<\/strong> en el que se representa la <strong>Paz de Briones<\/strong> y muchas otras actividades que te detallamos a continuaci\u00f3n.<\/p>\n<div style=\"text-align: center;\">\n<p><iframe width=\"620\" height=\"465\" src=\"https:\/\/www.youtube.com\/embed\/vX8OiotmAxY?feature=oembed\" frameborder=\"0\" allowfullscreen><\/iframe><br \/>\nPase de la baqueta<\/p>\n<\/div>\n<h2>PROGRAMA COMPLETO 2015<\/h2>\n<p style=\"text-align: center;\"><a href=\"http:\/\/vivancoculturadevino.es\/blog\/wp-content\/uploads\/2015\/06\/programa-fiestas-briones-sabado.jpg\" target=\"blank\"><img loading=\"lazy\" decoding=\"async\" width=\"660\" height=\"396\" class=\"aligncenter size-full wp-image-1175\" src=\"\/\/vivancoculturadevino.es\/blog\/wp-content\/uploads\/2015\/06\/programa-fiestas-briones-sabado.jpg\" alt=\"programa fiestas briones sabado\" srcset=\"https:\/\/vivancoculturadevino.es\/blog\/wp-content\/uploads\/2015\/06\/programa-fiestas-briones-sabado.jpg 660w, https:\/\/vivancoculturadevino.es\/blog\/wp-content\/uploads\/2015\/06\/programa-fiestas-briones-sabado-300x180.jpg 300w\" sizes=\"(max-width: 660px) 100vw, 660px\" \/><\/a> <a href=\"http:\/\/vivancoculturadevino.es\/blog\/wp-content\/uploads\/2015\/06\/programa-fiestas-briones-domingo.jpg\" target=\"blank\"><img loading=\"lazy\" decoding=\"async\" width=\"660\" height=\"406\" class=\"aligncenter size-full wp-image-1176\" src=\"\/\/vivancoculturadevino.es\/blog\/wp-content\/uploads\/2015\/06\/programa-fiestas-briones-domingo.jpg\" alt=\"programa fiestas briones domingo\" srcset=\"https:\/\/vivancoculturadevino.es\/blog\/wp-content\/uploads\/2015\/06\/programa-fiestas-briones-domingo.jpg 660w, https:\/\/vivancoculturadevino.es\/blog\/wp-content\/uploads\/2015\/06\/programa-fiestas-briones-domingo-300x185.jpg 300w\" sizes=\"(max-width: 660px) 100vw, 660px\" \/><\/a> <a href=\"http:\/\/vivancoculturadevino.es\/blog\/wp-content\/uploads\/2015\/06\/cierre-programa-fiestas-medievales.jpg\"><img loading=\"lazy\" decoding=\"async\" width=\"660\" height=\"128\" class=\"aligncenter size-full wp-image-1177\" src=\"\/\/vivancoculturadevino.es\/blog\/wp-content\/uploads\/2015\/06\/cierre-programa-fiestas-medievales.jpg\" alt=\"cierre programa fiestas medievales\" srcset=\"https:\/\/vivancoculturadevino.es\/blog\/wp-content\/uploads\/2015\/06\/cierre-programa-fiestas-medievales.jpg 660w, https:\/\/vivancoculturadevino.es\/blog\/wp-content\/uploads\/2015\/06\/cierre-programa-fiestas-medievales-300x58.jpg 300w\" sizes=\"(max-width: 660px) 100vw, 660px\" \/><\/a>Para m\u00e1s informaci\u00f3n: <a target=blank rel=nofollow href=\"http:\/\/www.brionesmedieval.com\">Brionesmedieval.com<\/a><\/p>\n<p>No dejes pasar otro a\u00f1o y ven a disfrutar de las jornadas a Briones. Y si te gusta el vino y su historia, no pierdas la oportunidad de venir a conocer el <a target=blank href=\"http:\/\/vivancoculturadevino.es\/es\/fundacion\/museo-vivanco\/\">Museo Vivanco de la Cultura del Vino<\/a>.<\/p>\n","protected":false},"excerpt":{"rendered":"<p>Razones por las que no te puedes perder las Jornadas Medievales de Briones, en La Rioja. Estas fiestas son unas de las m\u00e1s representativas de la comunidad.<\/p>\n","protected":false},"author":1,"featured_media":1171,"comment_status":"open","ping_status":"open","sticky":false,"template":"","format":"standard","meta":{"footnotes":"","_elementor_edit_mode":"","_elementor_template_type":"","_elementor_data":"","_elementor_page_settings":null,"_elementor_conditions":[]},"categories":[6],"tags":[84,113,112,37,86],"class_list":["post-1169","post","type-post","status-publish","format-standard","has-post-thumbnail","hentry","category-experiencias","tag-briones","tag-fiestas-populares","tag-jornadas-medievales","tag-la-rioja","tag-turismo"],"yoast_head":"<!-- This site is optimized with the Yoast SEO plugin v26.8 - https:\/\/yoast.com\/product\/yoast-seo-wordpress\/ -->\n<title>Las Jornadas Medievales de Briones, La Rioja | Vivanco<\/title>\n<meta name=\"description\" content=\"Razones por las que no te puedes perder las Jornadas Medievales de Briones, en La Rioja. Estas fiestas son unas de las m\u00e1s representativas de la comunidad.\" \/>\n<meta name=\"robots\" content=\"index, follow, max-snippet:-1, max-image-preview:large, max-video-preview:-1\" \/>\n<link rel=\"canonical\" href=\"https:\/\/vivancoculturadevino.es\/blog\/2015\/06\/15\/jornadas-medievales-briones-la-rioja\/\" \/>\n<meta property=\"og:locale\" content=\"es_ES\" \/>\n<meta property=\"og:type\" content=\"article\" \/>\n<meta property=\"og:title\" content=\"Las Jornadas Medievales de Briones, La Rioja | Vivanco\" \/>\n<meta property=\"og:description\" content=\"Razones por las que no te puedes perder las Jornadas Medievales de Briones, en La Rioja. Estas fiestas son unas de las m\u00e1s representativas de la comunidad.\" \/>\n<meta property=\"og:url\" content=\"https:\/\/vivancoculturadevino.es\/blog\/2015\/06\/15\/jornadas-medievales-briones-la-rioja\/\" \/>\n<meta property=\"og:site_name\" content=\"Vivanco\" \/>\n<meta property=\"article:author\" content=\"https:\/\/www.facebook.com\/vivancoculturadevino\" \/>\n<meta property=\"article:published_time\" content=\"2015-06-15T16:38:11+00:00\" \/>\n<meta property=\"og:image\" content=\"https:\/\/vivancoculturadevino.es\/blog\/wp-content\/uploads\/2015\/06\/jornadas-medievales-pelea-briones1.jpg\" \/>\n\t<meta property=\"og:image:width\" content=\"661\" \/>\n\t<meta property=\"og:image:height\" content=\"496\" \/>\n\t<meta property=\"og:image:type\" content=\"image\/jpeg\" \/>\n<meta name=\"author\" content=\"Vivanco\" \/>\n<meta name=\"twitter:card\" content=\"summary_large_image\" \/>\n<meta name=\"twitter:creator\" content=\"@https:\/\/twitter.com\/Vivanco_es\" \/>\n<meta name=\"twitter:label1\" content=\"Escrito por\" \/>\n\t<meta name=\"twitter:data1\" content=\"Vivanco\" \/>\n\t<meta name=\"twitter:label2\" content=\"Tiempo de lectura\" \/>\n\t<meta name=\"twitter:data2\" content=\"4 minutos\" \/>\n<script type=\"application\/ld+json\" class=\"yoast-schema-graph\">{\"@context\":\"https:\/\/schema.org\",\"@graph\":[{\"@type\":\"Article\",\"@id\":\"https:\/\/vivancoculturadevino.es\/blog\/2015\/06\/15\/jornadas-medievales-briones-la-rioja\/#article\",\"isPartOf\":{\"@id\":\"https:\/\/vivancoculturadevino.es\/blog\/2015\/06\/15\/jornadas-medievales-briones-la-rioja\/\"},\"author\":{\"name\":\"Vivanco\",\"@id\":\"https:\/\/vivancoculturadevino.es\/blog\/#\/schema\/person\/745931ee54ccbb839d8df0cceb02db4c\"},\"headline\":\"Las Jornadas Medievales de Briones, La Rioja\",\"datePublished\":\"2015-06-15T16:38:11+00:00\",\"mainEntityOfPage\":{\"@id\":\"https:\/\/vivancoculturadevino.es\/blog\/2015\/06\/15\/jornadas-medievales-briones-la-rioja\/\"},\"wordCount\":778,\"commentCount\":0,\"publisher\":{\"@id\":\"https:\/\/vivancoculturadevino.es\/blog\/#organization\"},\"image\":{\"@id\":\"https:\/\/vivancoculturadevino.es\/blog\/2015\/06\/15\/jornadas-medievales-briones-la-rioja\/#primaryimage\"},\"thumbnailUrl\":\"https:\/\/vivancoculturadevino.es\/blog\/wp-content\/uploads\/2015\/06\/jornadas-medievales-pelea-briones1.jpg\",\"keywords\":[\"Briones\",\"fiestas populares\",\"jornadas medievales\",\"La Rioja\",\"turismo\"],\"articleSection\":[\"Compartiendo\"],\"inLanguage\":\"es\",\"potentialAction\":[{\"@type\":\"CommentAction\",\"name\":\"Comment\",\"target\":[\"https:\/\/vivancoculturadevino.es\/blog\/2015\/06\/15\/jornadas-medievales-briones-la-rioja\/#respond\"]}]},{\"@type\":\"WebPage\",\"@id\":\"https:\/\/vivancoculturadevino.es\/blog\/2015\/06\/15\/jornadas-medievales-briones-la-rioja\/\",\"url\":\"https:\/\/vivancoculturadevino.es\/blog\/2015\/06\/15\/jornadas-medievales-briones-la-rioja\/\",\"name\":\"Las Jornadas Medievales de Briones, La Rioja | Vivanco\",\"isPartOf\":{\"@id\":\"https:\/\/vivancoculturadevino.es\/blog\/#website\"},\"primaryImageOfPage\":{\"@id\":\"https:\/\/vivancoculturadevino.es\/blog\/2015\/06\/15\/jornadas-medievales-briones-la-rioja\/#primaryimage\"},\"image\":{\"@id\":\"https:\/\/vivancoculturadevino.es\/blog\/2015\/06\/15\/jornadas-medievales-briones-la-rioja\/#primaryimage\"},\"thumbnailUrl\":\"https:\/\/vivancoculturadevino.es\/blog\/wp-content\/uploads\/2015\/06\/jornadas-medievales-pelea-briones1.jpg\",\"datePublished\":\"2015-06-15T16:38:11+00:00\",\"description\":\"Razones por las que no te puedes perder las Jornadas Medievales de Briones, en La Rioja. Estas fiestas son unas de las m\u00e1s representativas de la comunidad.\",\"breadcrumb\":{\"@id\":\"https:\/\/vivancoculturadevino.es\/blog\/2015\/06\/15\/jornadas-medievales-briones-la-rioja\/#breadcrumb\"},\"inLanguage\":\"es\",\"potentialAction\":[{\"@type\":\"ReadAction\",\"target\":[\"https:\/\/vivancoculturadevino.es\/blog\/2015\/06\/15\/jornadas-medievales-briones-la-rioja\/\"]}]},{\"@type\":\"ImageObject\",\"inLanguage\":\"es\",\"@id\":\"https:\/\/vivancoculturadevino.es\/blog\/2015\/06\/15\/jornadas-medievales-briones-la-rioja\/#primaryimage\",\"url\":\"https:\/\/vivancoculturadevino.es\/blog\/wp-content\/uploads\/2015\/06\/jornadas-medievales-pelea-briones1.jpg\",\"contentUrl\":\"https:\/\/vivancoculturadevino.es\/blog\/wp-content\/uploads\/2015\/06\/jornadas-medievales-pelea-briones1.jpg\",\"width\":661,\"height\":496},{\"@type\":\"BreadcrumbList\",\"@id\":\"https:\/\/vivancoculturadevino.es\/blog\/2015\/06\/15\/jornadas-medievales-briones-la-rioja\/#breadcrumb\",\"itemListElement\":[{\"@type\":\"ListItem\",\"position\":1,\"name\":\"Portada\",\"item\":\"https:\/\/vivancoculturadevino.es\/blog\/\"},{\"@type\":\"ListItem\",\"position\":2,\"name\":\"Las Jornadas Medievales de Briones, La Rioja\"}]},{\"@type\":\"WebSite\",\"@id\":\"https:\/\/vivancoculturadevino.es\/blog\/#website\",\"url\":\"https:\/\/vivancoculturadevino.es\/blog\/\",\"name\":\"Vivanco\",\"description\":\"Una familia y una pasi\u00f3n: Compartir la cultura del vino\",\"publisher\":{\"@id\":\"https:\/\/vivancoculturadevino.es\/blog\/#organization\"},\"potentialAction\":[{\"@type\":\"SearchAction\",\"target\":{\"@type\":\"EntryPoint\",\"urlTemplate\":\"https:\/\/vivancoculturadevino.es\/blog\/?s={search_term_string}\"},\"query-input\":{\"@type\":\"PropertyValueSpecification\",\"valueRequired\":true,\"valueName\":\"search_term_string\"}}],\"inLanguage\":\"es\"},{\"@type\":\"Organization\",\"@id\":\"https:\/\/vivancoculturadevino.es\/blog\/#organization\",\"name\":\"Vivanco\",\"url\":\"https:\/\/vivancoculturadevino.es\/blog\/\",\"logo\":{\"@type\":\"ImageObject\",\"inLanguage\":\"es\",\"@id\":\"https:\/\/vivancoculturadevino.es\/blog\/#\/schema\/logo\/image\/\",\"url\":\"https:\/\/vivancoculturadevino.es\/blog\/wp-content\/uploads\/2026\/01\/Logo-blanco.svg\",\"contentUrl\":\"https:\/\/vivancoculturadevino.es\/blog\/wp-content\/uploads\/2026\/01\/Logo-blanco.svg\",\"width\":134,\"height\":43,\"caption\":\"Vivanco\"},\"image\":{\"@id\":\"https:\/\/vivancoculturadevino.es\/blog\/#\/schema\/logo\/image\/\"}},{\"@type\":\"Person\",\"@id\":\"https:\/\/vivancoculturadevino.es\/blog\/#\/schema\/person\/745931ee54ccbb839d8df0cceb02db4c\",\"name\":\"Vivanco\",\"image\":{\"@type\":\"ImageObject\",\"inLanguage\":\"es\",\"@id\":\"https:\/\/vivancoculturadevino.es\/blog\/#\/schema\/person\/image\/\",\"url\":\"https:\/\/secure.gravatar.com\/avatar\/61b66c59d132db2f7ad4dfd1cc89bbd508b4d5888ab39ddba99f2aca247b7fb3?s=96&d=mm&r=g\",\"contentUrl\":\"https:\/\/secure.gravatar.com\/avatar\/61b66c59d132db2f7ad4dfd1cc89bbd508b4d5888ab39ddba99f2aca247b7fb3?s=96&d=mm&r=g\",\"caption\":\"Vivanco\"},\"description\":\"Bodega, Fundaci\u00f3n, Experiencias. Compartiendo Cultura de Vino\",\"sameAs\":[\"http:\/\/www.vivancoculturadevino.es\",\"https:\/\/www.facebook.com\/vivancoculturadevino\",\"https:\/\/x.com\/https:\/\/twitter.com\/Vivanco_es\",\"https:\/\/www.youtube.com\/channel\/UC8a2nOiF7kAQNPPduAi2Evw\/videos\"],\"url\":\"https:\/\/vivancoculturadevino.es\/blog\/author\/administrator\/\"}]}<\/script>\n<!-- \/ Yoast SEO plugin. -->","yoast_head_json":{"title":"Las Jornadas Medievales de Briones, La Rioja | Vivanco","description":"Razones por las que no te puedes perder las Jornadas Medievales de Briones, en La Rioja. Estas fiestas son unas de las m\u00e1s representativas de la comunidad.","robots":{"index":"index","follow":"follow","max-snippet":"max-snippet:-1","max-image-preview":"max-image-preview:large","max-video-preview":"max-video-preview:-1"},"canonical":"https:\/\/vivancoculturadevino.es\/blog\/2015\/06\/15\/jornadas-medievales-briones-la-rioja\/","og_locale":"es_ES","og_type":"article","og_title":"Las Jornadas Medievales de Briones, La Rioja | Vivanco","og_description":"Razones por las que no te puedes perder las Jornadas Medievales de Briones, en La Rioja. Estas fiestas son unas de las m\u00e1s representativas de la comunidad.","og_url":"https:\/\/vivancoculturadevino.es\/blog\/2015\/06\/15\/jornadas-medievales-briones-la-rioja\/","og_site_name":"Vivanco","article_author":"https:\/\/www.facebook.com\/vivancoculturadevino","article_published_time":"2015-06-15T16:38:11+00:00","og_image":[{"width":661,"height":496,"url":"https:\/\/vivancoculturadevino.es\/blog\/wp-content\/uploads\/2015\/06\/jornadas-medievales-pelea-briones1.jpg","type":"image\/jpeg"}],"author":"Vivanco","twitter_card":"summary_large_image","twitter_creator":"@https:\/\/twitter.com\/Vivanco_es","twitter_misc":{"Escrito por":"Vivanco","Tiempo de lectura":"4 minutos"},"schema":{"@context":"https:\/\/schema.org","@graph":[{"@type":"Article","@id":"https:\/\/vivancoculturadevino.es\/blog\/2015\/06\/15\/jornadas-medievales-briones-la-rioja\/#article","isPartOf":{"@id":"https:\/\/vivancoculturadevino.es\/blog\/2015\/06\/15\/jornadas-medievales-briones-la-rioja\/"},"author":{"name":"Vivanco","@id":"https:\/\/vivancoculturadevino.es\/blog\/#\/schema\/person\/745931ee54ccbb839d8df0cceb02db4c"},"headline":"Las Jornadas Medievales de Briones, La Rioja","datePublished":"2015-06-15T16:38:11+00:00","mainEntityOfPage":{"@id":"https:\/\/vivancoculturadevino.es\/blog\/2015\/06\/15\/jornadas-medievales-briones-la-rioja\/"},"wordCount":778,"commentCount":0,"publisher":{"@id":"https:\/\/vivancoculturadevino.es\/blog\/#organization"},"image":{"@id":"https:\/\/vivancoculturadevino.es\/blog\/2015\/06\/15\/jornadas-medievales-briones-la-rioja\/#primaryimage"},"thumbnailUrl":"https:\/\/vivancoculturadevino.es\/blog\/wp-content\/uploads\/2015\/06\/jornadas-medievales-pelea-briones1.jpg","keywords":["Briones","fiestas populares","jornadas medievales","La Rioja","turismo"],"articleSection":["Compartiendo"],"inLanguage":"es","potentialAction":[{"@type":"CommentAction","name":"Comment","target":["https:\/\/vivancoculturadevino.es\/blog\/2015\/06\/15\/jornadas-medievales-briones-la-rioja\/#respond"]}]},{"@type":"WebPage","@id":"https:\/\/vivancoculturadevino.es\/blog\/2015\/06\/15\/jornadas-medievales-briones-la-rioja\/","url":"https:\/\/vivancoculturadevino.es\/blog\/2015\/06\/15\/jornadas-medievales-briones-la-rioja\/","name":"Las Jornadas Medievales de Briones, La Rioja | Vivanco","isPartOf":{"@id":"https:\/\/vivancoculturadevino.es\/blog\/#website"},"primaryImageOfPage":{"@id":"https:\/\/vivancoculturadevino.es\/blog\/2015\/06\/15\/jornadas-medievales-briones-la-rioja\/#primaryimage"},"image":{"@id":"https:\/\/vivancoculturadevino.es\/blog\/2015\/06\/15\/jornadas-medievales-briones-la-rioja\/#primaryimage"},"thumbnailUrl":"https:\/\/vivancoculturadevino.es\/blog\/wp-content\/uploads\/2015\/06\/jornadas-medievales-pelea-briones1.jpg","datePublished":"2015-06-15T16:38:11+00:00","description":"Razones por las que no te puedes perder las Jornadas Medievales de Briones, en La Rioja. Estas fiestas son unas de las m\u00e1s representativas de la comunidad.","breadcrumb":{"@id":"https:\/\/vivancoculturadevino.es\/blog\/2015\/06\/15\/jornadas-medievales-briones-la-rioja\/#breadcrumb"},"inLanguage":"es","potentialAction":[{"@type":"ReadAction","target":["https:\/\/vivancoculturadevino.es\/blog\/2015\/06\/15\/jornadas-medievales-briones-la-rioja\/"]}]},{"@type":"ImageObject","inLanguage":"es","@id":"https:\/\/vivancoculturadevino.es\/blog\/2015\/06\/15\/jornadas-medievales-briones-la-rioja\/#primaryimage","url":"https:\/\/vivancoculturadevino.es\/blog\/wp-content\/uploads\/2015\/06\/jornadas-medievales-pelea-briones1.jpg","contentUrl":"https:\/\/vivancoculturadevino.es\/blog\/wp-content\/uploads\/2015\/06\/jornadas-medievales-pelea-briones1.jpg","width":661,"height":496},{"@type":"BreadcrumbList","@id":"https:\/\/vivancoculturadevino.es\/blog\/2015\/06\/15\/jornadas-medievales-briones-la-rioja\/#breadcrumb","itemListElement":[{"@type":"ListItem","position":1,"name":"Portada","item":"https:\/\/vivancoculturadevino.es\/blog\/"},{"@type":"ListItem","position":2,"name":"Las Jornadas Medievales de Briones, La Rioja"}]},{"@type":"WebSite","@id":"https:\/\/vivancoculturadevino.es\/blog\/#website","url":"https:\/\/vivancoculturadevino.es\/blog\/","name":"Vivanco","description":"Una familia y una pasi\u00f3n: Compartir la cultura del vino","publisher":{"@id":"https:\/\/vivancoculturadevino.es\/blog\/#organization"},"potentialAction":[{"@type":"SearchAction","target":{"@type":"EntryPoint","urlTemplate":"https:\/\/vivancoculturadevino.es\/blog\/?s={search_term_string}"},"query-input":{"@type":"PropertyValueSpecification","valueRequired":true,"valueName":"search_term_string"}}],"inLanguage":"es"},{"@type":"Organization","@id":"https:\/\/vivancoculturadevino.es\/blog\/#organization","name":"Vivanco","url":"https:\/\/vivancoculturadevino.es\/blog\/","logo":{"@type":"ImageObject","inLanguage":"es","@id":"https:\/\/vivancoculturadevino.es\/blog\/#\/schema\/logo\/image\/","url":"https:\/\/vivancoculturadevino.es\/blog\/wp-content\/uploads\/2026\/01\/Logo-blanco.svg","contentUrl":"https:\/\/vivancoculturadevino.es\/blog\/wp-content\/uploads\/2026\/01\/Logo-blanco.svg","width":134,"height":43,"caption":"Vivanco"},"image":{"@id":"https:\/\/vivancoculturadevino.es\/blog\/#\/schema\/logo\/image\/"}},{"@type":"Person","@id":"https:\/\/vivancoculturadevino.es\/blog\/#\/schema\/person\/745931ee54ccbb839d8df0cceb02db4c","name":"Vivanco","image":{"@type":"ImageObject","inLanguage":"es","@id":"https:\/\/vivancoculturadevino.es\/blog\/#\/schema\/person\/image\/","url":"https:\/\/secure.gravatar.com\/avatar\/61b66c59d132db2f7ad4dfd1cc89bbd508b4d5888ab39ddba99f2aca247b7fb3?s=96&d=mm&r=g","contentUrl":"https:\/\/secure.gravatar.com\/avatar\/61b66c59d132db2f7ad4dfd1cc89bbd508b4d5888ab39ddba99f2aca247b7fb3?s=96&d=mm&r=g","caption":"Vivanco"},"description":"Bodega, Fundaci\u00f3n, Experiencias. Compartiendo Cultura de Vino","sameAs":["http:\/\/www.vivancoculturadevino.es","https:\/\/www.facebook.com\/vivancoculturadevino","https:\/\/x.com\/https:\/\/twitter.com\/Vivanco_es","https:\/\/www.youtube.com\/channel\/UC8a2nOiF7kAQNPPduAi2Evw\/videos"],"url":"https:\/\/vivancoculturadevino.es\/blog\/author\/administrator\/"}]}},"_links":{"self":[{"href":"https:\/\/vivancoculturadevino.es\/blog\/wp-json\/wp\/v2\/posts\/1169","targetHints":{"allow":["GET"]}}],"collection":[{"href":"https:\/\/vivancoculturadevino.es\/blog\/wp-json\/wp\/v2\/posts"}],"about":[{"href":"https:\/\/vivancoculturadevino.es\/blog\/wp-json\/wp\/v2\/types\/post"}],"author":[{"embeddable":true,"href":"https:\/\/vivancoculturadevino.es\/blog\/wp-json\/wp\/v2\/users\/1"}],"replies":[{"embeddable":true,"href":"https:\/\/vivancoculturadevino.es\/blog\/wp-json\/wp\/v2\/comments?post=1169"}],"version-history":[{"count":4,"href":"https:\/\/vivancoculturadevino.es\/blog\/wp-json\/wp\/v2\/posts\/1169\/revisions"}],"predecessor-version":[{"id":1181,"href":"https:\/\/vivancoculturadevino.es\/blog\/wp-json\/wp\/v2\/posts\/1169\/revisions\/1181"}],"wp:featuredmedia":[{"embeddable":true,"href":"https:\/\/vivancoculturadevino.es\/blog\/wp-json\/wp\/v2\/media\/1171"}],"wp:attachment":[{"href":"https:\/\/vivancoculturadevino.es\/blog\/wp-json\/wp\/v2\/media?parent=1169"}],"wp:term":[{"taxonomy":"category","embeddable":true,"href":"https:\/\/vivancoculturadevino.es\/blog\/wp-json\/wp\/v2\/categories?post=1169"},{"taxonomy":"post_tag","embeddable":true,"href":"https:\/\/vivancoculturadevino.es\/blog\/wp-json\/wp\/v2\/tags?post=1169"}],"curies":[{"name":"wp","href":"https:\/\/api.w.org\/{rel}","templated":true}]}}